{"id":207720,"date":"2021-06-21T12:20:20","date_gmt":"2021-06-21T15:20:20","guid":{"rendered":"https:\/\/www.redenoticia.com.br\/noticia\/?p=207720"},"modified":"2021-06-21T12:20:20","modified_gmt":"2021-06-21T15:20:20","slug":"resumo-tititi-22-06-ariclenes-descobre-que-a-formula-do-seu-batom-deu-certo","status":"publish","type":"post","link":"https:\/\/www.redenoticia.com.br\/noticia\/2021\/resumo-tititi-22-06-ariclenes-descobre-que-a-formula-do-seu-batom-deu-certo\/207720","title":{"rendered":"Resumo \u201cTiTiTi\u201d 22\/06: Ariclenes descobre que a f\u00f3rmula do seu batom deu certo"},"content":{"rendered":"<p><img loading=\"lazy\" decoding=\"async\" src=\"https:\/\/www.redenoticia.com.br\/noticia\/imagens\/tititi-elenco-personagens.jpeg\" alt=\"\" width=\"1280\" height=\"720\" class=\"aligncenter size-full wp-image-204657\" srcset=\"https:\/\/www.redenoticia.com.br\/noticia\/imagens\/tititi-elenco-personagens.jpeg 1280w, https:\/\/www.redenoticia.com.br\/noticia\/imagens\/tititi-elenco-personagens-250x140.jpeg 250w, https:\/\/www.redenoticia.com.br\/noticia\/imagens\/tititi-elenco-personagens-400x225.jpeg 400w, https:\/\/www.redenoticia.com.br\/noticia\/imagens\/tititi-elenco-personagens-768x432.jpeg 768w, https:\/\/www.redenoticia.com.br\/noticia\/imagens\/tititi-elenco-personagens-150x85.jpeg 150w\" sizes=\"auto, (max-width: 1280px) 100vw, 1280px\" \/><\/p>\n<p><em><strong>Resumo da novela \u201cTiTiTi\u201d<\/strong><\/em> em 22\/06: no cap\u00edtulo 062(*) da novela, Lu\u00edsa diz a Giancarlo que Marcela \u00e9 uma golpista e sugere que ele fique com Paulinho. Ariclenes fala de neg\u00f3cios com Gustavo e Suzana fica constrangida. Jacques estranha a defesa de Pedro e acusa Gabriela de ser espi\u00e3 de Valentim dentro de seu ateli\u00ea, diante disso ela pede demiss\u00e3o. Pedro vai atr\u00e1s de Gabriela e lhe rouba um beijo. Jorgito suspeita que o namoro da Rebeca com Breno seja falso e pressiona a m\u00e3e a contar a verdade.<\/p>\n<p>Pedro liga para Vi e a convida para sair. Ramiro, o amigo de Gino, fica fascinado pela boca de Nicole e a beija, quando Chico surge. Ariclenes percebe que Marcela est\u00e1 preocupada e tenta confort\u00e1-la. Giancarlo procura o filho e os dois acabam discutindo. Bruna demonstra carinho por Julinho e ele teme decepcion\u00e1-la. Rebeca conta que Breno s\u00f3 tem seis meses de vida, mas Jorgito desconfia e diz que vai investigar. Ariclenes descobre que a f\u00f3rmula do seu batom deu certo e pede Luti para entreg\u00e1-lo a Camila. Jaqueline espanta uma cliente de Jacques e Clotilde estranha. Pedro vai \u00e0 casa de Gabriela pedir que ela volte a trabalhar no ateli\u00ea do pai, mas Marta o expulsa.<\/p>\n<p>Dorinha aconselha Desir\u00e9e sobre o casamento. Tha\u00edsa sequestra Adriano. Felipe resolve procurar Tha\u00edsa e Mabi alerta que ele ainda n\u00e3o est\u00e1 preparado. Camila passa o batom de Victor Valentim, Luti a beija e Valqu\u00edria flagra os dois. Stela encontra Renato aflito para falar com o pai e pede que o filho lhe conte o que est\u00e1 acontecendo. Giancarlo surge na mans\u00e3o dos Sampaio, surpreende a fam\u00edlia reunida e pede para ver o neto.<\/p>\n<p>(*) edi\u00e7\u00e3o das novelas da Globo, \u201cTiTiTi\u201d, sujeito a altera\u00e7\u00e3o de data e conte\u00fado.<\/p>\n<p>Sinopse &#8220;TiTiTi&#8221;: Alexandre Borges e Murilo Ben\u00edcio interpretam os rivais da hist\u00f3ria, respectivamente Jacques Leclair e Victor Valentim, que passam a novela inteira se digladiando para ver quem sobressai no mundo na moda como estilista bem-sucedido, com o nome transformado em grife e as cole\u00e7\u00f5es desfiladas nas grandes semanas de moda e fotografadas para as revistas de celebridades.<\/p>\n","protected":false},"excerpt":{"rendered":"<p>Resumo da novela \u201cTiTiTi\u201d em 22\/06: no cap\u00edtulo 062(*) da novela, Lu\u00edsa diz a Giancarlo que Marcela \u00e9 uma golpista e sugere que ele fique com Paulinho. Ariclenes fala de neg\u00f3cios com Gustavo e Suzana fica constrangida. Jacques estranha a defesa de Pedro e acusa Gabriela de ser espi\u00e3 de Valentim dentro de seu ateli\u00ea, [&hellip;]<\/p>\n","protected":false},"author":4,"featured_media":204655,"comment_status":"closed","ping_status":"closed","sticky":false,"template":"","format":"standard","meta":{"_genesis_hide_title":false,"_genesis_hide_breadcrumbs":false,"_genesis_hide_singular_image":false,"_genesis_hide_footer_widgets":false,"_genesis_custom_body_class":"","_genesis_custom_post_class":"","_genesis_layout":"","_jetpack_memberships_contains_paid_content":false,"footnotes":""},"categories":[379,375,2025,343,2193],"tags":[441],"class_list":{"0":"post-207720","1":"post","2":"type-post","3":"status-publish","4":"format-standard","5":"has-post-thumbnail","7":"category-novelas","8":"category-rede-globo","9":"category-resumo","10":"category-televisao","11":"category-tititi","12":"tag-resumo-do-dia","13":"entry","14":"gs-1","15":"gs-odd","16":"gs-even","17":"gs-featured-content-entry"},"jetpack_featured_media_url":"https:\/\/www.redenoticia.com.br\/noticia\/imagens\/tititi-reprise-globo-resumo-capitulos-sinopse.jpeg","jetpack_sharing_enabled":true,"jetpack_likes_enabled":true,"_links":{"self":[{"href":"https:\/\/www.redenoticia.com.br\/noticia\/wp-json\/wp\/v2\/posts\/207720","targetHints":{"allow":["GET"]}}],"collection":[{"href":"https:\/\/www.redenoticia.com.br\/noticia\/wp-json\/wp\/v2\/posts"}],"about":[{"href":"https:\/\/www.redenoticia.com.br\/noticia\/wp-json\/wp\/v2\/types\/post"}],"author":[{"embeddable":true,"href":"https:\/\/www.redenoticia.com.br\/noticia\/wp-json\/wp\/v2\/users\/4"}],"replies":[{"embeddable":true,"href":"https:\/\/www.redenoticia.com.br\/noticia\/wp-json\/wp\/v2\/comments?post=207720"}],"version-history":[{"count":0,"href":"https:\/\/www.redenoticia.com.br\/noticia\/wp-json\/wp\/v2\/posts\/207720\/revisions"}],"wp:featuredmedia":[{"embeddable":true,"href":"https:\/\/www.redenoticia.com.br\/noticia\/wp-json\/wp\/v2\/media\/204655"}],"wp:attachment":[{"href":"https:\/\/www.redenoticia.com.br\/noticia\/wp-json\/wp\/v2\/media?parent=207720"}],"wp:term":[{"taxonomy":"category","embeddable":true,"href":"https:\/\/www.redenoticia.com.br\/noticia\/wp-json\/wp\/v2\/categories?post=207720"},{"taxonomy":"post_tag","embeddable":true,"href":"https:\/\/www.redenoticia.com.br\/noticia\/wp-json\/wp\/v2\/tags?post=207720"}],"curies":[{"name":"wp","href":"https:\/\/api.w.org\/{rel}","templated":true}]}}