{"id":207627,"date":"2021-06-17T12:06:14","date_gmt":"2021-06-17T15:06:14","guid":{"rendered":"https:\/\/www.redenoticia.com.br\/noticia\/?p=207627"},"modified":"2021-06-17T12:06:14","modified_gmt":"2021-06-17T15:06:14","slug":"resumo-coracao-indomavel-18-06-eusebio-incendeia-a-cabana-e-ramiro-morre","status":"publish","type":"post","link":"https:\/\/www.redenoticia.com.br\/noticia\/2021\/resumo-coracao-indomavel-18-06-eusebio-incendeia-a-cabana-e-ramiro-morre\/207627","title":{"rendered":"Resumo &#8220;Cora\u00e7\u00e3o Indom\u00e1vel&#8221; 18\/06: Eus\u00e9bio incendeia a cabana e Ramiro morre"},"content":{"rendered":"<p><img loading=\"lazy\" decoding=\"async\" class=\"aligncenter size-full wp-image-206134\" src=\"https:\/\/www.redenoticia.com.br\/noticia\/imagens\/coracao-indomavel-resumo-novela-elenco.jpeg\" alt=\"\" width=\"1280\" height=\"720\" srcset=\"https:\/\/www.redenoticia.com.br\/noticia\/imagens\/coracao-indomavel-resumo-novela-elenco.jpeg 1280w, https:\/\/www.redenoticia.com.br\/noticia\/imagens\/coracao-indomavel-resumo-novela-elenco-250x140.jpeg 250w, https:\/\/www.redenoticia.com.br\/noticia\/imagens\/coracao-indomavel-resumo-novela-elenco-400x225.jpeg 400w, https:\/\/www.redenoticia.com.br\/noticia\/imagens\/coracao-indomavel-resumo-novela-elenco-768x432.jpeg 768w, https:\/\/www.redenoticia.com.br\/noticia\/imagens\/coracao-indomavel-resumo-novela-elenco-150x85.jpeg 150w\" sizes=\"auto, (max-width: 1280px) 100vw, 1280px\" \/><\/p>\n<p><strong><em>Resumo da novela &#8220;Cora\u00e7\u00e3o Indom\u00e1vel&#8221;<\/em><\/strong> em 18\/06: no cap\u00edtulo 020(*) da novela, L\u00facia diz a Miguel que devem tirar Maricruz da cadeia e dar dinheiro a ela para que deixe o povoado junto com seu av\u00f4 e sua irm\u00e3. Depois ela d\u00e1 instru\u00e7\u00f5es a Eus\u00e9bio para que se livre de Ramiro e Soledade. No dia seguinte, Eus\u00e9bio incendeia a cabana. Ramiro e Soledade acordam com a casa em chamas e tentam fugir. Ao sair, Soledade \u00e9 interceptada por Eus\u00e9bio. Ramiro volta para pegar a caixa de documentos e Eus\u00e9bio tranca a porta para que ele n\u00e3o possa sair.<\/p>\n<p>Em poucos minutos a caba \u00e9 consumida pelo fogo. Eus\u00e9bio pede a Of\u00e9lia que avise Miguel sobre o inc\u00eandio na cabana. Eus\u00e9bio diz a Ester que Ramiro morreu no inc\u00eandio. Revoltada com o crime praticado pela irm\u00e3, Ester decide voltar para a capital. O detetive contratado por Alessandro, chegar\u00e1 fazenda perguntando por Maricruz. L\u00facia deduz que Maricruz \u00e9 a filha que Alessandro est\u00e1 procurando e diz ao detetive que Ramiro e a neta foram embora do povoado.<\/p>\n<p>(*) edi\u00e7\u00e3o das novelas do SBT, &#8220;Cora\u00e7\u00e3o Indom\u00e1vel&#8221;, sujeito a altera\u00e7\u00e3o de data e conte\u00fado.<\/p>\n<p>Sinopse &#8220;Cora\u00e7\u00e3o Indom\u00e1vel&#8221;: A novela conta a hist\u00f3ria da pobre Maricruz que, ap\u00f3s ter sido abandonada pelo marido, decide se vingar daqueles que a humilharam. Ela descobre ser filha de um homem rico, tornando-se uma mulher da alta sociedade.<\/p>\n","protected":false},"excerpt":{"rendered":"<p>Resumo da novela &#8220;Cora\u00e7\u00e3o Indom\u00e1vel&#8221; em 18\/06: no cap\u00edtulo 020(*) da novela, L\u00facia diz a Miguel que devem tirar Maricruz da cadeia e dar dinheiro a ela para que deixe o povoado junto com seu av\u00f4 e sua irm\u00e3. Depois ela d\u00e1 instru\u00e7\u00f5es a Eus\u00e9bio para que se livre de Ramiro e Soledade. No dia [&hellip;]<\/p>\n","protected":false},"author":4,"featured_media":206133,"comment_status":"closed","ping_status":"closed","sticky":false,"template":"","format":"standard","meta":{"_genesis_hide_title":false,"_genesis_hide_breadcrumbs":false,"_genesis_hide_singular_image":false,"_genesis_hide_footer_widgets":false,"_genesis_custom_body_class":"","_genesis_custom_post_class":"","_genesis_layout":"","_jetpack_memberships_contains_paid_content":false,"footnotes":""},"categories":[2200,379,2025,372,343],"tags":[441],"class_list":{"0":"post-207627","1":"post","2":"type-post","3":"status-publish","4":"format-standard","5":"has-post-thumbnail","7":"category-coracao-indomavel","8":"category-novelas","9":"category-resumo","10":"category-sbt","11":"category-televisao","12":"tag-resumo-do-dia","13":"entry","14":"gs-1","15":"gs-odd","16":"gs-even","17":"gs-featured-content-entry"},"jetpack_featured_media_url":"https:\/\/www.redenoticia.com.br\/noticia\/imagens\/coracao-indomavel-resumo-novela-sinose-sbt-elenco.jpeg","jetpack_sharing_enabled":true,"jetpack_likes_enabled":true,"_links":{"self":[{"href":"https:\/\/www.redenoticia.com.br\/noticia\/wp-json\/wp\/v2\/posts\/207627","targetHints":{"allow":["GET"]}}],"collection":[{"href":"https:\/\/www.redenoticia.com.br\/noticia\/wp-json\/wp\/v2\/posts"}],"about":[{"href":"https:\/\/www.redenoticia.com.br\/noticia\/wp-json\/wp\/v2\/types\/post"}],"author":[{"embeddable":true,"href":"https:\/\/www.redenoticia.com.br\/noticia\/wp-json\/wp\/v2\/users\/4"}],"replies":[{"embeddable":true,"href":"https:\/\/www.redenoticia.com.br\/noticia\/wp-json\/wp\/v2\/comments?post=207627"}],"version-history":[{"count":0,"href":"https:\/\/www.redenoticia.com.br\/noticia\/wp-json\/wp\/v2\/posts\/207627\/revisions"}],"wp:featuredmedia":[{"embeddable":true,"href":"https:\/\/www.redenoticia.com.br\/noticia\/wp-json\/wp\/v2\/media\/206133"}],"wp:attachment":[{"href":"https:\/\/www.redenoticia.com.br\/noticia\/wp-json\/wp\/v2\/media?parent=207627"}],"wp:term":[{"taxonomy":"category","embeddable":true,"href":"https:\/\/www.redenoticia.com.br\/noticia\/wp-json\/wp\/v2\/categories?post=207627"},{"taxonomy":"post_tag","embeddable":true,"href":"https:\/\/www.redenoticia.com.br\/noticia\/wp-json\/wp\/v2\/tags?post=207627"}],"curies":[{"name":"wp","href":"https:\/\/api.w.org\/{rel}","templated":true}]}}