{"id":207366,"date":"2021-06-08T14:03:32","date_gmt":"2021-06-08T17:03:32","guid":{"rendered":"https:\/\/www.redenoticia.com.br\/noticia\/?p=207366"},"modified":"2021-06-08T14:03:32","modified_gmt":"2021-06-08T17:03:32","slug":"resumo-amores-verdadeiros-09-06-kendra-deseja-a-morte-de-vitoria","status":"publish","type":"post","link":"https:\/\/www.redenoticia.com.br\/noticia\/2021\/resumo-amores-verdadeiros-09-06-kendra-deseja-a-morte-de-vitoria\/207366","title":{"rendered":"Resumo &#8220;Amores Verdadeiros&#8221; 09\/06: Kendra deseja a morte de Vit\u00f3ria"},"content":{"rendered":"<p> <img loading=\"lazy\" decoding=\"async\" src=\"https:\/\/www.redenoticia.com.br\/noticia\/imagens\/amores-verdadeiros-resumo-elenco.jpg\" alt=\"\" width=\"1280\" height=\"720\" class=\"aligncenter size-full wp-image-203224\" srcset=\"https:\/\/www.redenoticia.com.br\/noticia\/imagens\/amores-verdadeiros-resumo-elenco.jpg 1280w, https:\/\/www.redenoticia.com.br\/noticia\/imagens\/amores-verdadeiros-resumo-elenco-250x140.jpg 250w, https:\/\/www.redenoticia.com.br\/noticia\/imagens\/amores-verdadeiros-resumo-elenco-400x225.jpg 400w, https:\/\/www.redenoticia.com.br\/noticia\/imagens\/amores-verdadeiros-resumo-elenco-768x432.jpg 768w, https:\/\/www.redenoticia.com.br\/noticia\/imagens\/amores-verdadeiros-resumo-elenco-150x85.jpg 150w\" sizes=\"auto, (max-width: 1280px) 100vw, 1280px\" \/><\/p>\n<p><strong><em>Resumo da novela &#8220;Amores Verdadeiros&#8221;<\/em><\/strong> em 09\/06: no cap\u00edtulo 088(*) da novela,  Vit\u00f3ria cai no ch\u00e3o, inconsciente, ap\u00f3s ser baleada. Tom\u00e1sia chama uma ambul\u00e2ncia. A fam\u00edlia entra em p\u00e2nico. Aguiar ouve que Vit\u00f3ria foi baleada e est\u00e1 morta. Ele tem um ataque de choro na frente de Cristina e Lili. Cristina desconfia que Aguiar esteja apaixonado por Vit\u00f3ria. Gusm\u00e3o est\u00e1 no hospital para ver Felipe, que afirma que ele trope\u00e7ou em um cadar\u00e7o. Gusm\u00e3o avisa seu pai para n\u00e3o ficar muito esperan\u00e7oso em se reconciliar com Paula. Gusm\u00e3o ouve sobre o tiro de Vit\u00f3ria e procura por Nikki.<\/p>\n<p>Todos choram e temem por Vit\u00f3ria quando ela \u00e9 levada para a cirurgia. Aguiar reza pela recupera\u00e7\u00e3o total de Vit\u00f3ria. Nelson visita Kendra e come\u00e7a uma briga. A luta deles \u00e9 interrompida quando ele recebe uma liga\u00e7\u00e3o sobre o tiroteio. Salviano pergunta se ele est\u00e1 realmente preocupado com o bem-estar de Vit\u00f3ria: &#8220;Claro! Ela ainda n\u00e3o fez seu testamento e ainda h\u00e1 um acordo pr\u00e9-nupcial!&#8221; Enquanto isso, Kendra deseja a morte de Vit\u00f3ria.<\/p>\n<p>Kendra recebe a visita de Roberto Espanto. Ele quer seu dinheiro e a est\u00e1 amea\u00e7ando violentamente. Nelson culpa todos pelo ataque de Vit\u00f3ria. Ele tenta demitir Aguiar e eles t\u00eam uma briga na sala de espera do hospital. Nikki separa a luta. Nikki est\u00e1 fora de si, chorando na sala de espera do hospital. Roy tem que comer alguma coisa. Ele a deixa sozinha em sua ang\u00fastia. Gusm\u00e3o aparece e lhe d\u00e1 um ombro forte para chorar.<\/p>\n<p>Tom\u00e1sia presta depoimento \u00e0 pol\u00edcia e faz a descri\u00e7\u00e3o de seu gal\u00e3 para um desenhista. A pol\u00edcia troca olhares duvidosos. Ningu\u00e9m vai contar a An\u00edbal o que est\u00e1 acontecendo, por medo de que ele sofra um ataque card\u00edaco. Odette vem para fazer as honras. An\u00edbal come\u00e7a a apertar o peito com a not\u00edcia. Odette balan\u00e7a um comprimido na frente de seu rosto. Ele finalmente arranca a p\u00edlula dela e toma, acalmando sua dor no peito. Kendra pega as j\u00f3ias com o bandido assassino e ordena que ele acabe com Vit\u00f3ria. O bandido concorda. Sirenes e carros da pol\u00edcia se aproximam do local onde Kendra se encontra. <\/p>\n<p>(*) edi\u00e7\u00e3o das novelas do SBT, &#8220;Amores Verdadeiros&#8221;, sujeito a altera\u00e7\u00e3o de data e conte\u00fado.<\/p>\n<p>Sinopse &#8220;Amores Verdadeiros&#8221;: Vit\u00f3ria Balvanera \u00e9 diretora de cria\u00e7\u00e3o da Meta Imagem Internacional, a mais importante ag\u00eancia de publicidade do pa\u00eds. O seu sucesso a tornou alvo de criminosos e \u00e9 durante um destes ataques que conhece Jos\u00e9 \u00c1ngelo, um simples campon\u00eas. Quando Jos\u00e9 \u00c2ngelo vai \u00e0 fazenda para pedir um emprego como capataz, um grupo de criminosos invade a propriedade para sequestrar Vit\u00f3ria. Gra\u00e7as ao seu treinamento de Aikido, ele evita o sequestro e salva Vit\u00f3ria, assim um encontro \u00fanico e emocionante surge entre eles. <\/p>\n","protected":false},"excerpt":{"rendered":"<p>Resumo da novela &#8220;Amores Verdadeiros&#8221; em 09\/06: no cap\u00edtulo 088(*) da novela, Vit\u00f3ria cai no ch\u00e3o, inconsciente, ap\u00f3s ser baleada. Tom\u00e1sia chama uma ambul\u00e2ncia. A fam\u00edlia entra em p\u00e2nico. Aguiar ouve que Vit\u00f3ria foi baleada e est\u00e1 morta. Ele tem um ataque de choro na frente de Cristina e Lili. Cristina desconfia que Aguiar esteja [&hellip;]<\/p>\n","protected":false},"author":2,"featured_media":203226,"comment_status":"closed","ping_status":"closed","sticky":false,"template":"","format":"standard","meta":{"_genesis_hide_title":false,"_genesis_hide_breadcrumbs":false,"_genesis_hide_singular_image":false,"_genesis_hide_footer_widgets":false,"_genesis_custom_body_class":"","_genesis_custom_post_class":"","_genesis_layout":"","_jetpack_memberships_contains_paid_content":false,"footnotes":""},"categories":[2189,379,2025,372,343],"tags":[441],"class_list":{"0":"post-207366","1":"post","2":"type-post","3":"status-publish","4":"format-standard","5":"has-post-thumbnail","7":"category-amores-verdadeiros","8":"category-novelas","9":"category-resumo","10":"category-sbt","11":"category-televisao","12":"tag-resumo-do-dia","13":"entry","14":"gs-1","15":"gs-odd","16":"gs-even","17":"gs-featured-content-entry"},"jetpack_featured_media_url":"https:\/\/www.redenoticia.com.br\/noticia\/imagens\/amor-sem-igual-resumo-logo.jpg","jetpack_sharing_enabled":true,"jetpack_likes_enabled":true,"_links":{"self":[{"href":"https:\/\/www.redenoticia.com.br\/noticia\/wp-json\/wp\/v2\/posts\/207366","targetHints":{"allow":["GET"]}}],"collection":[{"href":"https:\/\/www.redenoticia.com.br\/noticia\/wp-json\/wp\/v2\/posts"}],"about":[{"href":"https:\/\/www.redenoticia.com.br\/noticia\/wp-json\/wp\/v2\/types\/post"}],"author":[{"embeddable":true,"href":"https:\/\/www.redenoticia.com.br\/noticia\/wp-json\/wp\/v2\/users\/2"}],"replies":[{"embeddable":true,"href":"https:\/\/www.redenoticia.com.br\/noticia\/wp-json\/wp\/v2\/comments?post=207366"}],"version-history":[{"count":0,"href":"https:\/\/www.redenoticia.com.br\/noticia\/wp-json\/wp\/v2\/posts\/207366\/revisions"}],"wp:featuredmedia":[{"embeddable":true,"href":"https:\/\/www.redenoticia.com.br\/noticia\/wp-json\/wp\/v2\/media\/203226"}],"wp:attachment":[{"href":"https:\/\/www.redenoticia.com.br\/noticia\/wp-json\/wp\/v2\/media?parent=207366"}],"wp:term":[{"taxonomy":"category","embeddable":true,"href":"https:\/\/www.redenoticia.com.br\/noticia\/wp-json\/wp\/v2\/categories?post=207366"},{"taxonomy":"post_tag","embeddable":true,"href":"https:\/\/www.redenoticia.com.br\/noticia\/wp-json\/wp\/v2\/tags?post=207366"}],"curies":[{"name":"wp","href":"https:\/\/api.w.org\/{rel}","templated":true}]}}