{"id":207182,"date":"2021-06-01T11:47:07","date_gmt":"2021-06-01T14:47:07","guid":{"rendered":"https:\/\/www.redenoticia.com.br\/noticia\/?p=207182"},"modified":"2021-06-01T11:47:07","modified_gmt":"2021-06-01T14:47:07","slug":"resumo-a-vida-da-gente-02-06-manuela-flagra-o-beijo-de-ana-e-rodrigo","status":"publish","type":"post","link":"https:\/\/www.redenoticia.com.br\/noticia\/2021\/resumo-a-vida-da-gente-02-06-manuela-flagra-o-beijo-de-ana-e-rodrigo\/207182","title":{"rendered":"Resumo \u201cA Vida da Gente\u201d 02\/06:  Manuela flagra o beijo de Ana e Rodrigo"},"content":{"rendered":"<p><img loading=\"lazy\" decoding=\"async\" src=\"https:\/\/www.redenoticia.com.br\/noticia\/imagens\/a-vida-da-gente-elenco-principal.jpg\" alt=\"\" width=\"1280\" height=\"720\" class=\"aligncenter size-full wp-image-203501\" srcset=\"https:\/\/www.redenoticia.com.br\/noticia\/imagens\/a-vida-da-gente-elenco-principal.jpg 1280w, https:\/\/www.redenoticia.com.br\/noticia\/imagens\/a-vida-da-gente-elenco-principal-250x140.jpg 250w, https:\/\/www.redenoticia.com.br\/noticia\/imagens\/a-vida-da-gente-elenco-principal-400x225.jpg 400w, https:\/\/www.redenoticia.com.br\/noticia\/imagens\/a-vida-da-gente-elenco-principal-768x432.jpg 768w, https:\/\/www.redenoticia.com.br\/noticia\/imagens\/a-vida-da-gente-elenco-principal-150x85.jpg 150w\" sizes=\"auto, (max-width: 1280px) 100vw, 1280px\" \/><\/p>\n<p><em><strong>Resumo da novela \u201cA Vida da Gente\u201d<\/strong><\/em> em 02\/06: no cap\u00edtulo 080(*) da novela, Rodrigo diz para Manu que a ama e que quer ficar com ela. Celina aconselha L\u00facio a n\u00e3o se envolver demais com Ana. Alice pede para C\u00edcero arrumar um emprego para Renato. Manuela desconfia da explica\u00e7\u00e3o de Ana sobre sua vontade de sair do pa\u00eds. Vit\u00f3ria decide que B\u00e1rbara passar\u00e1 as f\u00e9rias com Marcos. C\u00edcero reclama de ser &#8220;obrigado&#8221; a contratar Renato. Ana n\u00e3o se conforma com a insist\u00eancia de Eva para que ela volte a jogar t\u00eanis.<\/p>\n<p>Cris acusa o motorista de assedi\u00e1-la e sugere que Jonas coloque Matias em seu lugar. Wilson descobre que o marido de Moema morreu. Eva v\u00ea Rodrigo entrar em seu pr\u00e9dio e chama Manuela para ir \u00e0 sua casa. Ana e Rodrigo se beijam. Manuela e Eva chegam no apartamento flagram os dois.<\/p>\n<p>(*) edi\u00e7\u00e3o das novelas da Globo, \u201cA Vida da Gente\u201d, sujeito a altera\u00e7\u00e3o de data e conte\u00fado.<\/p>\n<p>Sinopse \u201cA Vida da Gente\u201d: Dois jovens, criados como irm\u00e3os, se apaixonam perdidamente, tendo de enfrentar a contrariedade de seus pais. Ana (Fernanda Vasconcellos) e Rodrigo (Rafael Cardoso) s\u00e3o filhos, respectivamente, de Eva (Ana Beatriz Nogueira) e Jonas (Paulo Betti), que, casados, criam juntos seus filhos de outras rela\u00e7\u00f5es. Ana tem uma irm\u00e3, Manuela (Marjorie Estiano), preterida por sua m\u00e3e. Ana descobre estar gr\u00e1vida. Antes de dar a not\u00edcia a Rodrigo, ela acaba aceitando o plano de sua m\u00e3e: esconder a gravidez. Ao nascer, a crian\u00e7a seria entregue \u00e0 ado\u00e7\u00e3o. Um acidente muda o destino da fam\u00edlia. Ana entra em um coma profundo e, segundo os m\u00e9dicos, talvez irrevers\u00edvel.<\/p>\n","protected":false},"excerpt":{"rendered":"<p>Resumo da novela \u201cA Vida da Gente\u201d em 02\/06: no cap\u00edtulo 080(*) da novela, Rodrigo diz para Manu que a ama e que quer ficar com ela. Celina aconselha L\u00facio a n\u00e3o se envolver demais com Ana. Alice pede para C\u00edcero arrumar um emprego para Renato. Manuela desconfia da explica\u00e7\u00e3o de Ana sobre sua vontade [&hellip;]<\/p>\n","protected":false},"author":4,"featured_media":203502,"comment_status":"closed","ping_status":"closed","sticky":false,"template":"","format":"standard","meta":{"_genesis_hide_title":false,"_genesis_hide_breadcrumbs":false,"_genesis_hide_singular_image":false,"_genesis_hide_footer_widgets":false,"_genesis_custom_body_class":"","_genesis_custom_post_class":"","_genesis_layout":"","_jetpack_memberships_contains_paid_content":false,"footnotes":""},"categories":[2190,379,375,2025,343],"tags":[441],"class_list":{"0":"post-207182","1":"post","2":"type-post","3":"status-publish","4":"format-standard","5":"has-post-thumbnail","7":"category-a-vida-da-gente","8":"category-novelas","9":"category-rede-globo","10":"category-resumo","11":"category-televisao","12":"tag-resumo-do-dia","13":"entry","14":"gs-1","15":"gs-odd","16":"gs-even","17":"gs-featured-content-entry"},"jetpack_featured_media_url":"https:\/\/www.redenoticia.com.br\/noticia\/imagens\/a-vida-da-gente-elenco-logo.jpg","jetpack_sharing_enabled":true,"jetpack_likes_enabled":true,"_links":{"self":[{"href":"https:\/\/www.redenoticia.com.br\/noticia\/wp-json\/wp\/v2\/posts\/207182","targetHints":{"allow":["GET"]}}],"collection":[{"href":"https:\/\/www.redenoticia.com.br\/noticia\/wp-json\/wp\/v2\/posts"}],"about":[{"href":"https:\/\/www.redenoticia.com.br\/noticia\/wp-json\/wp\/v2\/types\/post"}],"author":[{"embeddable":true,"href":"https:\/\/www.redenoticia.com.br\/noticia\/wp-json\/wp\/v2\/users\/4"}],"replies":[{"embeddable":true,"href":"https:\/\/www.redenoticia.com.br\/noticia\/wp-json\/wp\/v2\/comments?post=207182"}],"version-history":[{"count":0,"href":"https:\/\/www.redenoticia.com.br\/noticia\/wp-json\/wp\/v2\/posts\/207182\/revisions"}],"wp:featuredmedia":[{"embeddable":true,"href":"https:\/\/www.redenoticia.com.br\/noticia\/wp-json\/wp\/v2\/media\/203502"}],"wp:attachment":[{"href":"https:\/\/www.redenoticia.com.br\/noticia\/wp-json\/wp\/v2\/media?parent=207182"}],"wp:term":[{"taxonomy":"category","embeddable":true,"href":"https:\/\/www.redenoticia.com.br\/noticia\/wp-json\/wp\/v2\/categories?post=207182"},{"taxonomy":"post_tag","embeddable":true,"href":"https:\/\/www.redenoticia.com.br\/noticia\/wp-json\/wp\/v2\/tags?post=207182"}],"curies":[{"name":"wp","href":"https:\/\/api.w.org\/{rel}","templated":true}]}}