{"id":206797,"date":"2021-05-20T11:53:02","date_gmt":"2021-05-20T14:53:02","guid":{"rendered":"https:\/\/www.redenoticia.com.br\/noticia\/?p=206797"},"modified":"2021-05-20T11:53:02","modified_gmt":"2021-05-20T14:53:02","slug":"resumo-chiquititas-21-05-marian-incentiva-cris-a-fazer-maldade-com-vivi","status":"publish","type":"post","link":"https:\/\/www.redenoticia.com.br\/noticia\/2021\/resumo-chiquititas-21-05-marian-incentiva-cris-a-fazer-maldade-com-vivi\/206797","title":{"rendered":"Resumo \u201cChiquititas\u201d 21\/05: Marian incentiva Cris a fazer maldade com Vivi"},"content":{"rendered":"<p> <img loading=\"lazy\" decoding=\"async\" class=\"aligncenter size-full wp-image-195897\" src=\"https:\/\/www.redenoticia.com.br\/noticia\/imagens\/chiquititas-resumo-sinopse.jpg\" alt=\"\" width=\"1280\" height=\"720\" srcset=\"https:\/\/www.redenoticia.com.br\/noticia\/imagens\/chiquititas-resumo-sinopse.jpg 1280w, https:\/\/www.redenoticia.com.br\/noticia\/imagens\/chiquititas-resumo-sinopse-250x140.jpg 250w, https:\/\/www.redenoticia.com.br\/noticia\/imagens\/chiquititas-resumo-sinopse-400x225.jpg 400w, https:\/\/www.redenoticia.com.br\/noticia\/imagens\/chiquititas-resumo-sinopse-768x432.jpg 768w, https:\/\/www.redenoticia.com.br\/noticia\/imagens\/chiquititas-resumo-sinopse-150x85.jpg 150w, https:\/\/www.redenoticia.com.br\/noticia\/imagens\/chiquititas-resumo-sinopse-696x392.jpg 696w, https:\/\/www.redenoticia.com.br\/noticia\/imagens\/chiquititas-resumo-sinopse-1068x601.jpg 1068w\" sizes=\"auto, (max-width: 1280px) 100vw, 1280px\" \/><\/p>\n<p><strong><em>Resumo da novela \u201cChiquititas\u201d<\/em><\/strong> em 21\/05: no cap\u00edtulo 242(*) da novela, na sorveteria, os meninos encrenqueiros Janj\u00e3o, Tatu e Andr\u00e9 v\u00eaem Janu e Bel na sorveteria com Rafa e Mosca. As duas dizem que optam pela amizade dos meninos do orfanato. Shirley leva Eduarda at\u00e9 o bar de C\u00edcero para que ela comece a trabalhar como gar\u00e7onete. Carol avisa os meninos que o campeonato de futebol foi cancelado e tamb\u00e9m avisa que eles foram muito bem na prova. \u00c9rica sai com Vitor, cliente do Caf\u00e9 Boutique, para jantar. O homem elogia o muffin sem a\u00e7\u00facar e \u00c9rica diz que tentar\u00e1 conseguir a receita para ele.<\/p>\n<p>Carmen recebe uma liga\u00e7\u00e3o de um homem que quer comprar o Orfanato e o Caf\u00e9 Boutique. Dani volta a morar na casa de Carol e sente falta da m\u00e3e. Carol diz que tamb\u00e9m sente falta dela, que era sua melhor amiga. Clarita dorme na sala com Beto. Vivi tira fotos de tudo o que faz. A chiquitita alega que seus f\u00e3s querem saber de tudo o que acontece em seu dia. Gabriela sonha com Valentina, que canta para ela num jardim. Cris percebe que estava no fundo de uma foto de Vivi numa pose desfavor\u00e1vel. Vivi n\u00e3o havia notada e apaga a foto, mesmo assim Cris fica chateada. Marian observa tudo. Dr. Pedro Aiala se re\u00fane com Junior e Carmen para fazer sua proposta de compra.<\/p>\n<p>Junior deixa claro que n\u00e3o h\u00e1 inten\u00e7\u00e3o de venda. Na sa\u00edda, Carmen diz que o Caf\u00e9 Boutique pode n\u00e3o ser vendido, mas que o Orfanato \u00e9 dela e por isso podem manter contato. Gabriela conta para Miguel do sonho e canta um trecho da m\u00fasica cantada pela mulher de seu sonho. Miguel reconhece a m\u00fasica e diz que a mulher \u00e9 Valentina. Marian incentiva Cris a fazer maldade com Vivi. Ela diz que Cris deveria tirar uma foto de Vivi em uma pose constrangedora para publicar na internet.<\/p>\n<p>(*) edi\u00e7\u00e3o das novelas do SBT, \u201cChiquititas\u201d, sujeito a altera\u00e7\u00e3o de data e conte\u00fado.<\/p>\n","protected":false},"excerpt":{"rendered":"<p>Resumo da novela \u201cChiquititas\u201d em 21\/05: no cap\u00edtulo 242(*) da novela, na sorveteria, os meninos encrenqueiros Janj\u00e3o, Tatu e Andr\u00e9 v\u00eaem Janu e Bel na sorveteria com Rafa e Mosca. As duas dizem que optam pela amizade dos meninos do orfanato. Shirley leva Eduarda at\u00e9 o bar de C\u00edcero para que ela comece a trabalhar [&hellip;]<\/p>\n","protected":false},"author":2,"featured_media":195894,"comment_status":"closed","ping_status":"closed","sticky":false,"template":"","format":"standard","meta":{"_genesis_hide_title":false,"_genesis_hide_breadcrumbs":false,"_genesis_hide_singular_image":false,"_genesis_hide_footer_widgets":false,"_genesis_custom_body_class":"","_genesis_custom_post_class":"","_genesis_layout":"","_jetpack_memberships_contains_paid_content":false,"footnotes":""},"categories":[409,379,2025,372,343],"tags":[441],"class_list":{"0":"post-206797","1":"post","2":"type-post","3":"status-publish","4":"format-standard","5":"has-post-thumbnail","7":"category-chiquititas","8":"category-novelas","9":"category-resumo","10":"category-sbt","11":"category-televisao","12":"tag-resumo-do-dia","13":"entry","14":"gs-1","15":"gs-odd","16":"gs-even","17":"gs-featured-content-entry"},"jetpack_featured_media_url":"https:\/\/www.redenoticia.com.br\/noticia\/imagens\/chiquititas-resumo-sinopse-sbt.jpg","jetpack_sharing_enabled":true,"jetpack_likes_enabled":true,"_links":{"self":[{"href":"https:\/\/www.redenoticia.com.br\/noticia\/wp-json\/wp\/v2\/posts\/206797","targetHints":{"allow":["GET"]}}],"collection":[{"href":"https:\/\/www.redenoticia.com.br\/noticia\/wp-json\/wp\/v2\/posts"}],"about":[{"href":"https:\/\/www.redenoticia.com.br\/noticia\/wp-json\/wp\/v2\/types\/post"}],"author":[{"embeddable":true,"href":"https:\/\/www.redenoticia.com.br\/noticia\/wp-json\/wp\/v2\/users\/2"}],"replies":[{"embeddable":true,"href":"https:\/\/www.redenoticia.com.br\/noticia\/wp-json\/wp\/v2\/comments?post=206797"}],"version-history":[{"count":0,"href":"https:\/\/www.redenoticia.com.br\/noticia\/wp-json\/wp\/v2\/posts\/206797\/revisions"}],"wp:featuredmedia":[{"embeddable":true,"href":"https:\/\/www.redenoticia.com.br\/noticia\/wp-json\/wp\/v2\/media\/195894"}],"wp:attachment":[{"href":"https:\/\/www.redenoticia.com.br\/noticia\/wp-json\/wp\/v2\/media?parent=206797"}],"wp:term":[{"taxonomy":"category","embeddable":true,"href":"https:\/\/www.redenoticia.com.br\/noticia\/wp-json\/wp\/v2\/categories?post=206797"},{"taxonomy":"post_tag","embeddable":true,"href":"https:\/\/www.redenoticia.com.br\/noticia\/wp-json\/wp\/v2\/tags?post=206797"}],"curies":[{"name":"wp","href":"https:\/\/api.w.org\/{rel}","templated":true}]}}