{"id":2065,"date":"2009-06-18T22:40:33","date_gmt":"2009-06-19T02:40:33","guid":{"rendered":"http:\/\/www.redenoticia.com.br\/noticia\/?p=2065"},"modified":"2009-06-19T14:36:31","modified_gmt":"2009-06-19T18:36:31","slug":"ceuljiulbra-concede-desconto-de-50-para-inscricao-do-vestibular-20092","status":"publish","type":"post","link":"https:\/\/www.redenoticia.com.br\/noticia\/2009\/ceuljiulbra-concede-desconto-de-50-para-inscricao-do-vestibular-20092\/2065","title":{"rendered":"CEULJI\/ULBRA concede desconto de 50% para inscri\u00e7\u00e3o do Vestibular 2009\/2"},"content":{"rendered":"<p class=\"MsoNormal\" style=\"background: #9dd8e5 none repeat scroll 0%; line-height: 15.6pt;\"><span style=\"font-size: 11pt; font-family: Arial; color: #333333; display: none;\"> <\/span><\/p>\n<p style=\"line-height: 15.6pt;\"><span style=\"font-size: 11pt; font-family: Arial;\"><a href=\"https:\/\/www.redenoticia.com.br\/noticia\/imagens\/\/vestibular.jpg\"><img loading=\"lazy\" decoding=\"async\" class=\"alignleft size-full wp-image-2375\" title=\"vestibular\" src=\"https:\/\/www.redenoticia.com.br\/noticia\/imagens\/\/vestibular.jpg\" alt=\"vestibular\" width=\"150\" height=\"113\" \/><\/a>O Centro Universit\u00e1rio Luterano de Ji-Paran\u00e1 (CEULJI\/ULBRA) concedeu um desconto de 50% para quem efetuar sua inscri\u00e7\u00e3o para o Vestibular 2009\/2 at\u00e9 o dia 20 de junho. <\/span><\/p>\n<p class=\"MsoNormal\" style=\"line-height: 15.6pt;\"><span style=\"font-size: 11pt; font-family: Arial; color: black;\">O valor da inscri\u00e7\u00e3o estava fixado em R$ 30,00 (trinta reais), mas com o reajuste passou para R$ 15,00 (quinze reais).<\/span><\/p>\n<p>Neste processo seletivo est\u00e3o sendo oferecidos os cursos de Administra\u00e7\u00e3o, Agronomia, Arquitetura e Urbanismo, Biomedicina, Ci\u00eancias Biol\u00f3gicas (Bacharelado), Ci\u00eancias Cont\u00e1beis, Direito, Educa\u00e7\u00e3o F\u00edsica (Licenciatura), Enfermagem, Farm\u00e1cia, Fisioterapia, Jornalismo, Medicina Veterin\u00e1ria, Pedagogia, Servi\u00e7o Social e Sistemas de Informa\u00e7\u00e3o.<\/p>\n<p>A prova ser\u00e1 realizada no dia 28 de junho, \u00e0s 9 horas, no CEULJI\/ULBRA, com quest\u00f5es de L\u00edngua Portuguesa e Reda\u00e7\u00e3o.<span style=\"font-size: 11pt; font-family: Arial; color: #333333;\"> <\/span><span style=\"font-size: 11pt; font-family: Arial; color: black;\">As inscri\u00e7\u00f5es para o vestibular 2009\/2 podem ser realizadas via Internet atrav\u00e9s do site<\/span><span style=\"font-size: 11pt; font-family: Arial; color: #333333;\"> <a title=\"Fa\u00e7a agora mesmo sua inscri\u00e7\u00e3o no Vestibular 2009\/2!\" href=\"http:\/\/www.ulbrajp.edu.br\/site\/index.php?option=com_content&amp;view=article&amp;id=104&amp;Itemid=526\" target=\"_parent\"><span style=\"text-decoration: underline;\"><span style=\"color: blue;\">www.ulbra.br\/ji-parana<\/span><\/span><\/a> <\/span><span style=\"font-size: 11pt; font-family: Arial; color: black;\">ou na Central de Atendimento do CEULJI\/ULBRA, na Av. Engenheiro Manfredo Barata Almeida da Fonseca, 762, Bairro Jardim Aur\u00e9lio Bernardi.<\/span><\/p>\n<p><span style=\"font-size: 11pt; font-family: Arial; color: black;\">Mais informa\u00e7\u00f5es referentes ao Vestibular 2009\/2 ou sobre os cursos que o CEULJI\/ULBRA oferecer\u00e1 em seu processo seletivo entre em contato atrav\u00e9s dos telefones: <strong><span style=\"font-family: Arial; font-weight: normal;\">(69) 3416-3100<\/span><\/strong><strong> <\/strong>ou<strong> <\/strong><strong><span style=\"font-family: Arial; font-weight: normal;\">(69) 3416-3111<\/span><\/strong><strong>.<\/strong><\/span><strong><\/strong><\/p>\n<p class=\"MsoNormal\" style=\"line-height: 15.6pt;\"><span class=\"small\"><span style=\"font-size: 11pt; font-family: Arial;\"> <\/span><\/span><\/p>\n<p class=\"MsoNormal\" style=\"line-height: 15.6pt;\"><span class=\"small\"><span style=\"font-size: 11pt; font-family: Arial;\">ULBRA-Alexandre Almeida <\/span><\/span><span style=\"font-size: 11pt; font-family: Arial;\"> <\/span><\/p>\n","protected":false},"excerpt":{"rendered":"<p>O Centro Universit\u00e1rio Luterano de Ji-Paran\u00e1 (CEULJI\/ULBRA) concedeu um desconto de 50% para quem efetuar sua inscri\u00e7\u00e3o para o Vestibular 2009\/2 at\u00e9 o dia 20 de junho. O valor da inscri\u00e7\u00e3o estava fixado em R$ 30,00 (trinta reais), mas com o reajuste passou para R$ 15,00 (quinze reais). Neste processo seletivo est\u00e3o sendo oferecidos os [&hellip;]<\/p>\n","protected":false},"author":3,"featured_media":0,"comment_status":"open","ping_status":"open","sticky":false,"template":"","format":"standard","meta":{"_genesis_hide_title":false,"_genesis_hide_breadcrumbs":false,"_genesis_hide_singular_image":false,"_genesis_hide_footer_widgets":false,"_genesis_custom_body_class":"","_genesis_custom_post_class":"","_genesis_layout":"","_jetpack_memberships_contains_paid_content":false,"footnotes":""},"categories":[22],"tags":[],"class_list":{"0":"post-2065","1":"post","2":"type-post","3":"status-publish","4":"format-standard","6":"category-brasil","7":"entry","8":"gs-1","9":"gs-odd","10":"gs-even","11":"gs-featured-content-entry"},"jetpack_featured_media_url":"","jetpack_sharing_enabled":true,"jetpack_likes_enabled":true,"_links":{"self":[{"href":"https:\/\/www.redenoticia.com.br\/noticia\/wp-json\/wp\/v2\/posts\/2065","targetHints":{"allow":["GET"]}}],"collection":[{"href":"https:\/\/www.redenoticia.com.br\/noticia\/wp-json\/wp\/v2\/posts"}],"about":[{"href":"https:\/\/www.redenoticia.com.br\/noticia\/wp-json\/wp\/v2\/types\/post"}],"author":[{"embeddable":true,"href":"https:\/\/www.redenoticia.com.br\/noticia\/wp-json\/wp\/v2\/users\/3"}],"replies":[{"embeddable":true,"href":"https:\/\/www.redenoticia.com.br\/noticia\/wp-json\/wp\/v2\/comments?post=2065"}],"version-history":[{"count":0,"href":"https:\/\/www.redenoticia.com.br\/noticia\/wp-json\/wp\/v2\/posts\/2065\/revisions"}],"wp:attachment":[{"href":"https:\/\/www.redenoticia.com.br\/noticia\/wp-json\/wp\/v2\/media?parent=2065"}],"wp:term":[{"taxonomy":"category","embeddable":true,"href":"https:\/\/www.redenoticia.com.br\/noticia\/wp-json\/wp\/v2\/categories?post=2065"},{"taxonomy":"post_tag","embeddable":true,"href":"https:\/\/www.redenoticia.com.br\/noticia\/wp-json\/wp\/v2\/tags?post=2065"}],"curies":[{"name":"wp","href":"https:\/\/api.w.org\/{rel}","templated":true}]}}