{"id":206056,"date":"2021-05-02T21:16:30","date_gmt":"2021-05-03T00:16:30","guid":{"rendered":"https:\/\/www.redenoticia.com.br\/noticia\/?p=206056"},"modified":"2021-05-02T21:16:30","modified_gmt":"2021-05-03T00:16:30","slug":"resumo-chiquititas-03-05-marian-quer-saber-se-mili-ainda-gosta-de-duda","status":"publish","type":"post","link":"https:\/\/www.redenoticia.com.br\/noticia\/2021\/resumo-chiquititas-03-05-marian-quer-saber-se-mili-ainda-gosta-de-duda\/206056","title":{"rendered":"Resumo \u201cChiquititas\u201d 03\/05: Marian quer saber se Mili ainda gosta de Duda"},"content":{"rendered":"<p> <img loading=\"lazy\" decoding=\"async\" class=\"aligncenter size-full wp-image-195897\" src=\"https:\/\/www.redenoticia.com.br\/noticia\/imagens\/chiquititas-resumo-sinopse.jpg\" alt=\"\" width=\"1280\" height=\"720\" srcset=\"https:\/\/www.redenoticia.com.br\/noticia\/imagens\/chiquititas-resumo-sinopse.jpg 1280w, https:\/\/www.redenoticia.com.br\/noticia\/imagens\/chiquititas-resumo-sinopse-250x140.jpg 250w, https:\/\/www.redenoticia.com.br\/noticia\/imagens\/chiquititas-resumo-sinopse-400x225.jpg 400w, https:\/\/www.redenoticia.com.br\/noticia\/imagens\/chiquititas-resumo-sinopse-768x432.jpg 768w, https:\/\/www.redenoticia.com.br\/noticia\/imagens\/chiquititas-resumo-sinopse-150x85.jpg 150w, https:\/\/www.redenoticia.com.br\/noticia\/imagens\/chiquititas-resumo-sinopse-696x392.jpg 696w, https:\/\/www.redenoticia.com.br\/noticia\/imagens\/chiquititas-resumo-sinopse-1068x601.jpg 1068w\" sizes=\"auto, (max-width: 1280px) 100vw, 1280px\" \/><\/p>\n<p><strong><em>Resumo da novela \u201cChiquititas\u201d<\/em><\/strong> em 03\/05: no cap\u00edtulo 226(*) da novela, Cris e Tati conversam com Vivi por v\u00eddeo atrav\u00e9s do computador. No bar, Francis, Beto, \u00c9rica, Tobias e Maria Cec\u00edlia prestigiam Clarita, que canta a m\u00fasica &#8220;Com Eu Quero&#8221;. Marian conversa com Mili, diz que acha Duda muito estiloso e bonito. Mili revela que n\u00e3o sente nada pelo garoto. Marian diz que essa \u00e9 boa not\u00edcia, pois est\u00e1 interessada nele. Pata, que tamb\u00e9m est\u00e1 apaixonada por Duda, escuta a conversa das duas atr\u00e1s da porta do quarto. Gabriela estranha que Armando, que finge ser Miguel, conhece Cintia. <\/p>\n<p>No bar, \u00e9 a vez de Francis cantar para os amigos e namorada, Clarita. O barista canta a m\u00fasica &#8220;\u00c9 o Amor&#8221;. Tobias tamb\u00e9m sobe ao palco e canta a m\u00fasica &#8220;Delicinha&#8221;, uma das musicas da \u00e9poca em que ele fingia ser um portugu\u00eas chamado Thomas Ferraz. Maria Cec\u00edlia se aborrece e Tobias jura n\u00e3o cantar mais nenhuma m\u00fasica de Thomas Ferraz. Pata est\u00e1 na cozinha triste.<\/p>\n<p>Mosca conversa com a irm\u00e3 e pergunta o que aconteceu. Pata diz que Marian lhe irrita muito, mas n\u00e3o revela o motivo. Cintia conta para Bia que haver\u00e1 um evento no Caf\u00e9 Boutique com v\u00e1rios jovens. As duas confirmam presen\u00e7a atrav\u00e9s de uma rede social. Shirley est\u00e1 irritada com o namorado, C\u00edcero (Ernando Tiago). Ela conta para Eduarda que C\u00edcero estava escondendo uma foto e acha que pode ser uma trai\u00e7\u00e3o. <\/p>\n<p>O que Shirley n\u00e3o sabe \u00e9 que se trata de uma foto das filhas dele, Tati e Vivi. Em Porto Alegre, Vivi conta que est\u00e1 gostando muito da cidade, onde se pode conhecer tudo com mais calma do que em S\u00e3o Paulo. Vivi diz que se pudesse levaria sua irm\u00e3 e amigas para morar com ela. Mili fica feliz ao descobrir que Miguel voltou a morar nos t\u00faneis do orfanato.<\/p>\n<p>(*) edi\u00e7\u00e3o das novelas do SBT, \u201cChiquititas\u201d, sujeito a altera\u00e7\u00e3o de data e conte\u00fado.<\/p>\n","protected":false},"excerpt":{"rendered":"<p>Resumo da novela \u201cChiquititas\u201d em 03\/05: no cap\u00edtulo 226(*) da novela, Cris e Tati conversam com Vivi por v\u00eddeo atrav\u00e9s do computador. No bar, Francis, Beto, \u00c9rica, Tobias e Maria Cec\u00edlia prestigiam Clarita, que canta a m\u00fasica &#8220;Com Eu Quero&#8221;. Marian conversa com Mili, diz que acha Duda muito estiloso e bonito. Mili revela que [&hellip;]<\/p>\n","protected":false},"author":2,"featured_media":195894,"comment_status":"closed","ping_status":"closed","sticky":false,"template":"","format":"standard","meta":{"_genesis_hide_title":false,"_genesis_hide_breadcrumbs":false,"_genesis_hide_singular_image":false,"_genesis_hide_footer_widgets":false,"_genesis_custom_body_class":"","_genesis_custom_post_class":"","_genesis_layout":"","_jetpack_memberships_contains_paid_content":false,"footnotes":""},"categories":[409,379,2025,372,343],"tags":[441],"class_list":{"0":"post-206056","1":"post","2":"type-post","3":"status-publish","4":"format-standard","5":"has-post-thumbnail","7":"category-chiquititas","8":"category-novelas","9":"category-resumo","10":"category-sbt","11":"category-televisao","12":"tag-resumo-do-dia","13":"entry","14":"gs-1","15":"gs-odd","16":"gs-even","17":"gs-featured-content-entry"},"jetpack_featured_media_url":"https:\/\/www.redenoticia.com.br\/noticia\/imagens\/chiquititas-resumo-sinopse-sbt.jpg","jetpack_sharing_enabled":true,"jetpack_likes_enabled":true,"_links":{"self":[{"href":"https:\/\/www.redenoticia.com.br\/noticia\/wp-json\/wp\/v2\/posts\/206056","targetHints":{"allow":["GET"]}}],"collection":[{"href":"https:\/\/www.redenoticia.com.br\/noticia\/wp-json\/wp\/v2\/posts"}],"about":[{"href":"https:\/\/www.redenoticia.com.br\/noticia\/wp-json\/wp\/v2\/types\/post"}],"author":[{"embeddable":true,"href":"https:\/\/www.redenoticia.com.br\/noticia\/wp-json\/wp\/v2\/users\/2"}],"replies":[{"embeddable":true,"href":"https:\/\/www.redenoticia.com.br\/noticia\/wp-json\/wp\/v2\/comments?post=206056"}],"version-history":[{"count":0,"href":"https:\/\/www.redenoticia.com.br\/noticia\/wp-json\/wp\/v2\/posts\/206056\/revisions"}],"wp:featuredmedia":[{"embeddable":true,"href":"https:\/\/www.redenoticia.com.br\/noticia\/wp-json\/wp\/v2\/media\/195894"}],"wp:attachment":[{"href":"https:\/\/www.redenoticia.com.br\/noticia\/wp-json\/wp\/v2\/media?parent=206056"}],"wp:term":[{"taxonomy":"category","embeddable":true,"href":"https:\/\/www.redenoticia.com.br\/noticia\/wp-json\/wp\/v2\/categories?post=206056"},{"taxonomy":"post_tag","embeddable":true,"href":"https:\/\/www.redenoticia.com.br\/noticia\/wp-json\/wp\/v2\/tags?post=206056"}],"curies":[{"name":"wp","href":"https:\/\/api.w.org\/{rel}","templated":true}]}}