{"id":205946,"date":"2021-04-28T13:17:13","date_gmt":"2021-04-28T16:17:13","guid":{"rendered":"https:\/\/www.redenoticia.com.br\/noticia\/?p=205946"},"modified":"2021-04-28T13:17:13","modified_gmt":"2021-04-28T16:17:13","slug":"resumo-salve-se-quem-puder-29-04-renatinha-pede-a-renzo-que-demita-alexia-josimara","status":"publish","type":"post","link":"https:\/\/www.redenoticia.com.br\/noticia\/2021\/resumo-salve-se-quem-puder-29-04-renatinha-pede-a-renzo-que-demita-alexia-josimara\/205946","title":{"rendered":"Resumo \u201cSalve-se Quem Puder\u201d 29\/04: Renatinha pede a Renzo que demita Alexia\/Josimara"},"content":{"rendered":"<p><img loading=\"lazy\" decoding=\"async\" src=\"https:\/\/www.redenoticia.com.br\/noticia\/imagens\/resumo-salve-se-quem-puder-resumo-novela-das-sete-novela-da-globo.jpg\" alt=\"\" width=\"1280\" height=\"720\" class=\"aligncenter size-full wp-image-195141\" srcset=\"https:\/\/www.redenoticia.com.br\/noticia\/imagens\/resumo-salve-se-quem-puder-resumo-novela-das-sete-novela-da-globo.jpg 1280w, https:\/\/www.redenoticia.com.br\/noticia\/imagens\/resumo-salve-se-quem-puder-resumo-novela-das-sete-novela-da-globo-250x140.jpg 250w, https:\/\/www.redenoticia.com.br\/noticia\/imagens\/resumo-salve-se-quem-puder-resumo-novela-das-sete-novela-da-globo-400x225.jpg 400w, https:\/\/www.redenoticia.com.br\/noticia\/imagens\/resumo-salve-se-quem-puder-resumo-novela-das-sete-novela-da-globo-768x432.jpg 768w, https:\/\/www.redenoticia.com.br\/noticia\/imagens\/resumo-salve-se-quem-puder-resumo-novela-das-sete-novela-da-globo-150x85.jpg 150w, https:\/\/www.redenoticia.com.br\/noticia\/imagens\/resumo-salve-se-quem-puder-resumo-novela-das-sete-novela-da-globo-696x392.jpg 696w, https:\/\/www.redenoticia.com.br\/noticia\/imagens\/resumo-salve-se-quem-puder-resumo-novela-das-sete-novela-da-globo-1068x601.jpg 1068w\" sizes=\"auto, (max-width: 1280px) 100vw, 1280px\" \/><\/p>\n<p><em><strong>Resumo novela \u201cSalve-se Quem Puder\u201d<\/strong><\/em> em 29\/04: no cap\u00edtulo 034(*) da novela, Zezinho confessa a Alexia sobre o disfarce. Rafael apresenta Renzo como o novo s\u00f3cio da Labrador. Petra n\u00e3o gosta de saber que Alan trar\u00e1 os filhos e Kyra\/Cleyde para o Rio. Luna n\u00e3o resiste ao beijo de T\u00e9o, mas afirma que tem um namorado. Helena admite a \u00darsula que Luna\/Fiona a incomoda. Vicky comenta com Micaela que acha Bruno estranho.<\/p>\n<p>Ver\u00f4nica se recorda de um acidente de carro que est\u00e1 associado \u00e0 vingan\u00e7a que planeja contra Micaela. Renatinha pede a Renzo para demitir Alexia\/Josimara. Dominique amea\u00e7a L\u00facia dizendo que ela sofrer\u00e1 caso a funcion\u00e1ria n\u00e3o conven\u00e7a Renzo a voltar a trabalhar para ela.<\/p>\n<p>(*) edi\u00e7\u00e3o das novelas da Globo, \u201cSalve-se Quem Puder\u201d, sujeito a altera\u00e7\u00e3o de data e conte\u00fado.<\/p>\n<p>Sinopse \u201cSalve-se Quem Puder\u201d: Tr\u00eas mulheres com novas identidades e uma \u00fanica certeza: suas vidas est\u00e3o entrela\u00e7adas para sempre. Salve-se Quem Puder conta a hist\u00f3ria de Alexia (Deborah Secco), Luna (Juliana Paiva) e Kyra (Vit\u00f3ria Strada), que ingressam no Programa de Prote\u00e7\u00e3o \u00e0 Testemunha e mudam de vida ap\u00f3s presenciarem um crime. Para sobreviver, elas mudam o nome, a apar\u00eancia, o estilo de vida e v\u00e3o morar na fict\u00edcia Judas do Norte, no interior de S\u00e3o Paulo, depois que s\u00e3o dadas como mortas.<\/p>\n<p>Alexia vira Josimara, Luna assume o nome de Fiona e Kyra \u00e9 Cleyde, novas pessoas com um padr\u00e3o de vida bem diferente. Elas ser\u00e3o acolhidas por uma fam\u00edlia protetora &#8211; que n\u00e3o sabe nada sobre o passado delas &#8211; e v\u00e3o precisar seguir regras r\u00edgidas para permanecerem no programa. A primeira delas \u00e9 a interrup\u00e7\u00e3o imediata de qualquer tipo de contato com conhecidos, por isso, celulares e redes sociais s\u00e3o proibidos, assim como frequentar os mesmos lugares e cultivar h\u00e1bitos do passado.<\/p>\n","protected":false},"excerpt":{"rendered":"<p>Resumo novela \u201cSalve-se Quem Puder\u201d em 29\/04: no cap\u00edtulo 034(*) da novela, Zezinho confessa a Alexia sobre o disfarce. Rafael apresenta Renzo como o novo s\u00f3cio da Labrador. Petra n\u00e3o gosta de saber que Alan trar\u00e1 os filhos e Kyra\/Cleyde para o Rio. Luna n\u00e3o resiste ao beijo de T\u00e9o, mas afirma que tem um [&hellip;]<\/p>\n","protected":false},"author":4,"featured_media":195141,"comment_status":"closed","ping_status":"closed","sticky":false,"template":"","format":"standard","meta":{"_genesis_hide_title":false,"_genesis_hide_breadcrumbs":false,"_genesis_hide_singular_image":false,"_genesis_hide_footer_widgets":false,"_genesis_custom_body_class":"","_genesis_custom_post_class":"","_genesis_layout":"","_jetpack_memberships_contains_paid_content":false,"footnotes":""},"categories":[379,375,2025,553,343],"tags":[441],"class_list":{"0":"post-205946","1":"post","2":"type-post","3":"status-publish","4":"format-standard","5":"has-post-thumbnail","7":"category-novelas","8":"category-rede-globo","9":"category-resumo","10":"category-salve-se-quem-puder","11":"category-televisao","12":"tag-resumo-do-dia","13":"entry","14":"gs-1","15":"gs-odd","16":"gs-even","17":"gs-featured-content-entry"},"jetpack_featured_media_url":"https:\/\/www.redenoticia.com.br\/noticia\/imagens\/resumo-salve-se-quem-puder-resumo-novela-das-sete-novela-da-globo.jpg","jetpack_sharing_enabled":true,"jetpack_likes_enabled":true,"_links":{"self":[{"href":"https:\/\/www.redenoticia.com.br\/noticia\/wp-json\/wp\/v2\/posts\/205946","targetHints":{"allow":["GET"]}}],"collection":[{"href":"https:\/\/www.redenoticia.com.br\/noticia\/wp-json\/wp\/v2\/posts"}],"about":[{"href":"https:\/\/www.redenoticia.com.br\/noticia\/wp-json\/wp\/v2\/types\/post"}],"author":[{"embeddable":true,"href":"https:\/\/www.redenoticia.com.br\/noticia\/wp-json\/wp\/v2\/users\/4"}],"replies":[{"embeddable":true,"href":"https:\/\/www.redenoticia.com.br\/noticia\/wp-json\/wp\/v2\/comments?post=205946"}],"version-history":[{"count":0,"href":"https:\/\/www.redenoticia.com.br\/noticia\/wp-json\/wp\/v2\/posts\/205946\/revisions"}],"wp:featuredmedia":[{"embeddable":true,"href":"https:\/\/www.redenoticia.com.br\/noticia\/wp-json\/wp\/v2\/media\/195141"}],"wp:attachment":[{"href":"https:\/\/www.redenoticia.com.br\/noticia\/wp-json\/wp\/v2\/media?parent=205946"}],"wp:term":[{"taxonomy":"category","embeddable":true,"href":"https:\/\/www.redenoticia.com.br\/noticia\/wp-json\/wp\/v2\/categories?post=205946"},{"taxonomy":"post_tag","embeddable":true,"href":"https:\/\/www.redenoticia.com.br\/noticia\/wp-json\/wp\/v2\/tags?post=205946"}],"curies":[{"name":"wp","href":"https:\/\/api.w.org\/{rel}","templated":true}]}}