{"id":205600,"date":"2021-04-20T12:48:45","date_gmt":"2021-04-20T15:48:45","guid":{"rendered":"https:\/\/www.redenoticia.com.br\/noticia\/?p=205600"},"modified":"2021-04-20T12:48:45","modified_gmt":"2021-04-20T15:48:45","slug":"resumo-chiquititas-21-04-marian-paquera-duda","status":"publish","type":"post","link":"https:\/\/www.redenoticia.com.br\/noticia\/2021\/resumo-chiquititas-21-04-marian-paquera-duda\/205600","title":{"rendered":"Resumo \u201cChiquititas\u201d 21\/04: Marian paquera Duda"},"content":{"rendered":"<p><img loading=\"lazy\" decoding=\"async\" class=\"aligncenter size-full wp-image-195897\" src=\"https:\/\/www.redenoticia.com.br\/noticia\/imagens\/chiquititas-resumo-sinopse.jpg\" alt=\"\" width=\"1280\" height=\"720\" srcset=\"https:\/\/www.redenoticia.com.br\/noticia\/imagens\/chiquititas-resumo-sinopse.jpg 1280w, https:\/\/www.redenoticia.com.br\/noticia\/imagens\/chiquititas-resumo-sinopse-250x140.jpg 250w, https:\/\/www.redenoticia.com.br\/noticia\/imagens\/chiquititas-resumo-sinopse-400x225.jpg 400w, https:\/\/www.redenoticia.com.br\/noticia\/imagens\/chiquititas-resumo-sinopse-768x432.jpg 768w, https:\/\/www.redenoticia.com.br\/noticia\/imagens\/chiquititas-resumo-sinopse-150x85.jpg 150w, https:\/\/www.redenoticia.com.br\/noticia\/imagens\/chiquititas-resumo-sinopse-696x392.jpg 696w, https:\/\/www.redenoticia.com.br\/noticia\/imagens\/chiquititas-resumo-sinopse-1068x601.jpg 1068w\" sizes=\"auto, (max-width: 1280px) 100vw, 1280px\" \/><\/p>\n<p><strong><em>Resumo da novela \u201cChiquititas\u201d<\/em><\/strong> em 21\/04: no cap\u00edtulo 216(*) da novela, Duda e Mili conversam no p\u00e1tio do orfanato. Mili diz que todos sentiram falta dele. Duda responde que sentiu que estava com saudade dela. O garoto conta que sua rela\u00e7\u00e3o com a m\u00e3e est\u00e1 melhor, mas que optou em voltar ao Brasil para deix\u00e1-la concluir o trabalho no exterior. Marian espia a conversa dos dois. No quarto, Mosca resmunga para Rafa: &#8220;Quando finalmente o mala do JP vai embora, volta esse da\u00ed&#8221;. Duda conversa com Mosca sobre Mili. Mosca diz que n\u00e3o sente mais nada por Mili e Duda diz que isso \u00e9 bom, pois n\u00e3o precisar\u00e1 mais se preocupar com o garoto.<\/p>\n<p>Marian espia o encontro nada amig\u00e1vel dos dois. Cris segue com o plano para fingir que Samuca quer namorar com ela e envia uma declara\u00e7\u00e3o de amor para ela mesma, por\u00e9m, com o nome de Samuca. O garoto fica incomodado, mas aceita seguir no plano. Marian paquera Duda, que n\u00e3o retribui. Vivi fica com ci\u00fame de Samuca, mas fica confusa por acreditar que gosta do garoto apenas como amigo. Samuca \u00e9 apaixonado por Vivi e Cris diz para ele que esse plano ir\u00e1 ajud\u00e1-lo com a chiquitita. No orfanato, todos ficam surpresos com a declara\u00e7\u00e3o de amor para Cris (ningu\u00e9m sabe que \u00e9 tudo uma arma\u00e7\u00e3o).<\/p>\n<p>Fernando pede para as crian\u00e7as enviarem uma mensagem para Carol atrav\u00e9s do &#8220;Correio Elegante M\u00f3vel&#8221;, inven\u00e7\u00e3o para tentar arrecadar dinheiro para o Caf\u00e9 Boutique, que est\u00e1 em crise. Carmen leva um susto ao se deparar com Duda na mans\u00e3o dos Almeida Campos. No Caf\u00e9 Boutique, eles veem o comercial da estreia da s\u00e9rie &#8220;O Conto da Princesa&#8221;, onde eles participam como atores. Todos combinam de assistir a estreia juntos na casa de Beto.<\/p>\n<p>(*) edi\u00e7\u00e3o das novelas do SBT, \u201cChiquititas\u201d, sujeito a altera\u00e7\u00e3o de data e conte\u00fado.<\/p>\n","protected":false},"excerpt":{"rendered":"<p>Resumo da novela \u201cChiquititas\u201d em 21\/04: no cap\u00edtulo 216(*) da novela, Duda e Mili conversam no p\u00e1tio do orfanato. Mili diz que todos sentiram falta dele. Duda responde que sentiu que estava com saudade dela. O garoto conta que sua rela\u00e7\u00e3o com a m\u00e3e est\u00e1 melhor, mas que optou em voltar ao Brasil para deix\u00e1-la [&hellip;]<\/p>\n","protected":false},"author":4,"featured_media":195894,"comment_status":"closed","ping_status":"closed","sticky":false,"template":"","format":"standard","meta":{"_genesis_hide_title":false,"_genesis_hide_breadcrumbs":false,"_genesis_hide_singular_image":false,"_genesis_hide_footer_widgets":false,"_genesis_custom_body_class":"","_genesis_custom_post_class":"","_genesis_layout":"","_jetpack_memberships_contains_paid_content":false,"footnotes":""},"categories":[409,379,2025,372,343],"tags":[441],"class_list":{"0":"post-205600","1":"post","2":"type-post","3":"status-publish","4":"format-standard","5":"has-post-thumbnail","7":"category-chiquititas","8":"category-novelas","9":"category-resumo","10":"category-sbt","11":"category-televisao","12":"tag-resumo-do-dia","13":"entry","14":"gs-1","15":"gs-odd","16":"gs-even","17":"gs-featured-content-entry"},"jetpack_featured_media_url":"https:\/\/www.redenoticia.com.br\/noticia\/imagens\/chiquititas-resumo-sinopse-sbt.jpg","jetpack_sharing_enabled":true,"jetpack_likes_enabled":true,"_links":{"self":[{"href":"https:\/\/www.redenoticia.com.br\/noticia\/wp-json\/wp\/v2\/posts\/205600","targetHints":{"allow":["GET"]}}],"collection":[{"href":"https:\/\/www.redenoticia.com.br\/noticia\/wp-json\/wp\/v2\/posts"}],"about":[{"href":"https:\/\/www.redenoticia.com.br\/noticia\/wp-json\/wp\/v2\/types\/post"}],"author":[{"embeddable":true,"href":"https:\/\/www.redenoticia.com.br\/noticia\/wp-json\/wp\/v2\/users\/4"}],"replies":[{"embeddable":true,"href":"https:\/\/www.redenoticia.com.br\/noticia\/wp-json\/wp\/v2\/comments?post=205600"}],"version-history":[{"count":0,"href":"https:\/\/www.redenoticia.com.br\/noticia\/wp-json\/wp\/v2\/posts\/205600\/revisions"}],"wp:featuredmedia":[{"embeddable":true,"href":"https:\/\/www.redenoticia.com.br\/noticia\/wp-json\/wp\/v2\/media\/195894"}],"wp:attachment":[{"href":"https:\/\/www.redenoticia.com.br\/noticia\/wp-json\/wp\/v2\/media?parent=205600"}],"wp:term":[{"taxonomy":"category","embeddable":true,"href":"https:\/\/www.redenoticia.com.br\/noticia\/wp-json\/wp\/v2\/categories?post=205600"},{"taxonomy":"post_tag","embeddable":true,"href":"https:\/\/www.redenoticia.com.br\/noticia\/wp-json\/wp\/v2\/tags?post=205600"}],"curies":[{"name":"wp","href":"https:\/\/api.w.org\/{rel}","templated":true}]}}