{"id":203958,"date":"2021-03-03T12:02:53","date_gmt":"2021-03-03T15:02:53","guid":{"rendered":"https:\/\/www.redenoticia.com.br\/noticia\/?p=203958"},"modified":"2021-03-03T12:02:53","modified_gmt":"2021-03-03T15:02:53","slug":"resumo-vida-da-gente-04-03-rodrigo-chega-ao-aeroporto-e-grita-por-ana","status":"publish","type":"post","link":"https:\/\/www.redenoticia.com.br\/noticia\/2021\/resumo-vida-da-gente-04-03-rodrigo-chega-ao-aeroporto-e-grita-por-ana\/203958","title":{"rendered":"Resumo \u201cVida da Gente\u201d 04\/03: Rodrigo chega ao aeroporto e grita por Ana"},"content":{"rendered":"<p><img loading=\"lazy\" decoding=\"async\" src=\"https:\/\/www.redenoticia.com.br\/noticia\/imagens\/a-vida-da-gente-elenco-principal.jpg\" alt=\"\" width=\"1280\" height=\"720\" class=\"aligncenter size-full wp-image-203501\" srcset=\"https:\/\/www.redenoticia.com.br\/noticia\/imagens\/a-vida-da-gente-elenco-principal.jpg 1280w, https:\/\/www.redenoticia.com.br\/noticia\/imagens\/a-vida-da-gente-elenco-principal-250x140.jpg 250w, https:\/\/www.redenoticia.com.br\/noticia\/imagens\/a-vida-da-gente-elenco-principal-400x225.jpg 400w, https:\/\/www.redenoticia.com.br\/noticia\/imagens\/a-vida-da-gente-elenco-principal-768x432.jpg 768w, https:\/\/www.redenoticia.com.br\/noticia\/imagens\/a-vida-da-gente-elenco-principal-150x85.jpg 150w\" sizes=\"auto, (max-width: 1280px) 100vw, 1280px\" \/><\/p>\n<p><em><strong>Resumo da novela \u201cA Vida da Gente\u201d<\/strong><\/em> em 04\/03: no cap\u00edtulo 004(*) da novela, Vit\u00f3ria explica a Eva que entrou em contato com uma ag\u00eancia de ado\u00e7\u00e3o. Jonas se enfurece com o valor exigido pelos fiscais para abandonar a investiga\u00e7\u00e3o. Ana apresenta Alice para Manuela. Eva conta para as filhas a ideia de Vit\u00f3ria para que a gravidez n\u00e3o atrapalhe a carreira da tenista. Marcos repreende Vit\u00f3ria por n\u00e3o elogiar Sofia na nata\u00e7\u00e3o e as outras m\u00e3es ficam encantadas com ele. Rodrigo e Ana tentam conversar, mas se desentendem novamente. Nanda implica com Cris e Jonas n\u00e3o gosta.<\/p>\n<p>Manuela n\u00e3o consegue explicar para a av\u00f3 por que a irm\u00e3 ter\u00e1 que viajar. Vit\u00f3ria faz uma coletiva informando que Ana est\u00e1 com uma les\u00e3o grave e vai se tratar fora do pa\u00eds. Rodrigo se assusta ao ver a coletiva na televis\u00e3o e tenta falar com Ana, mas Eva apaga a mensagem dele sem que a filha veja. Manuela pede para Maria avisar a Rodrigo do hor\u00e1rio do voo da irm\u00e3. Lorena leva Manuela para o baile de In\u00e1. Rodrigo chega ao aeroporto e grita por Ana, que paralisa ao v\u00ea-lo.<\/p>\n<p>(*) edi\u00e7\u00e3o das novelas da Globo, \u201cA Vida da Gente\u201d, sujeito a altera\u00e7\u00e3o de data e conte\u00fado.<\/p>\n<p>Sinopse \u201cA Vida da Gente\u201d: Dois jovens, criados como irm\u00e3os, se apaixonam perdidamente, tendo de enfrentar a contrariedade de seus pais. Ana (Fernanda Vasconcellos) e Rodrigo (Rafael Cardoso) s\u00e3o filhos, respectivamente, de Eva (Ana Beatriz Nogueira) e Jonas (Paulo Betti), que, casados, criam juntos seus filhos de outras rela\u00e7\u00f5es. Ana tem uma irm\u00e3, Manuela (Marjorie Estiano), preterida por sua m\u00e3e. Ana descobre estar gr\u00e1vida. Antes de dar a not\u00edcia a Rodrigo, ela acaba aceitando o plano de sua m\u00e3e: esconder a gravidez. Ao nascer, a crian\u00e7a seria entregue \u00e0 ado\u00e7\u00e3o. Um acidente muda o destino da fam\u00edlia. Ana entra em um coma profundo e, segundo os m\u00e9dicos, talvez irrevers\u00edvel.<\/p>\n","protected":false},"excerpt":{"rendered":"<p>Resumo da novela \u201cA Vida da Gente\u201d em 04\/03: no cap\u00edtulo 004(*) da novela, Vit\u00f3ria explica a Eva que entrou em contato com uma ag\u00eancia de ado\u00e7\u00e3o. Jonas se enfurece com o valor exigido pelos fiscais para abandonar a investiga\u00e7\u00e3o. Ana apresenta Alice para Manuela. Eva conta para as filhas a ideia de Vit\u00f3ria para [&hellip;]<\/p>\n","protected":false},"author":4,"featured_media":203502,"comment_status":"closed","ping_status":"closed","sticky":false,"template":"","format":"standard","meta":{"_genesis_hide_title":false,"_genesis_hide_breadcrumbs":false,"_genesis_hide_singular_image":false,"_genesis_hide_footer_widgets":false,"_genesis_custom_body_class":"","_genesis_custom_post_class":"","_genesis_layout":"","_jetpack_memberships_contains_paid_content":false,"footnotes":""},"categories":[2190,379,375,2025,343],"tags":[441],"class_list":{"0":"post-203958","1":"post","2":"type-post","3":"status-publish","4":"format-standard","5":"has-post-thumbnail","7":"category-a-vida-da-gente","8":"category-novelas","9":"category-rede-globo","10":"category-resumo","11":"category-televisao","12":"tag-resumo-do-dia","13":"entry","14":"gs-1","15":"gs-odd","16":"gs-even","17":"gs-featured-content-entry"},"jetpack_featured_media_url":"https:\/\/www.redenoticia.com.br\/noticia\/imagens\/a-vida-da-gente-elenco-logo.jpg","jetpack_sharing_enabled":true,"jetpack_likes_enabled":true,"_links":{"self":[{"href":"https:\/\/www.redenoticia.com.br\/noticia\/wp-json\/wp\/v2\/posts\/203958","targetHints":{"allow":["GET"]}}],"collection":[{"href":"https:\/\/www.redenoticia.com.br\/noticia\/wp-json\/wp\/v2\/posts"}],"about":[{"href":"https:\/\/www.redenoticia.com.br\/noticia\/wp-json\/wp\/v2\/types\/post"}],"author":[{"embeddable":true,"href":"https:\/\/www.redenoticia.com.br\/noticia\/wp-json\/wp\/v2\/users\/4"}],"replies":[{"embeddable":true,"href":"https:\/\/www.redenoticia.com.br\/noticia\/wp-json\/wp\/v2\/comments?post=203958"}],"version-history":[{"count":0,"href":"https:\/\/www.redenoticia.com.br\/noticia\/wp-json\/wp\/v2\/posts\/203958\/revisions"}],"wp:featuredmedia":[{"embeddable":true,"href":"https:\/\/www.redenoticia.com.br\/noticia\/wp-json\/wp\/v2\/media\/203502"}],"wp:attachment":[{"href":"https:\/\/www.redenoticia.com.br\/noticia\/wp-json\/wp\/v2\/media?parent=203958"}],"wp:term":[{"taxonomy":"category","embeddable":true,"href":"https:\/\/www.redenoticia.com.br\/noticia\/wp-json\/wp\/v2\/categories?post=203958"},{"taxonomy":"post_tag","embeddable":true,"href":"https:\/\/www.redenoticia.com.br\/noticia\/wp-json\/wp\/v2\/tags?post=203958"}],"curies":[{"name":"wp","href":"https:\/\/api.w.org\/{rel}","templated":true}]}}