{"id":203686,"date":"2021-02-23T12:07:08","date_gmt":"2021-02-23T15:07:08","guid":{"rendered":"https:\/\/www.redenoticia.com.br\/noticia\/?p=203686"},"modified":"2021-02-23T12:07:08","modified_gmt":"2021-02-23T15:07:08","slug":"resumo-a-forca-do-querer-24-02-jeiza-descobre-que-caio-foi-noivo-de-bibi","status":"publish","type":"post","link":"https:\/\/www.redenoticia.com.br\/noticia\/2021\/resumo-a-forca-do-querer-24-02-jeiza-descobre-que-caio-foi-noivo-de-bibi\/203686","title":{"rendered":"Resumo &#8220;A For\u00e7a do Querer&#8221; 24\/02: Jeiza descobre que Caio foi noivo de Bibi"},"content":{"rendered":"<p><img loading=\"lazy\" decoding=\"async\" class=\"aligncenter size-full wp-image-195899\" src=\"https:\/\/www.redenoticia.com.br\/noticia\/imagens\/a-forca-do-querer-resumo-sinopse.jpg\" alt=\"\" width=\"1280\" height=\"720\" srcset=\"https:\/\/www.redenoticia.com.br\/noticia\/imagens\/a-forca-do-querer-resumo-sinopse.jpg 1280w, https:\/\/www.redenoticia.com.br\/noticia\/imagens\/a-forca-do-querer-resumo-sinopse-250x140.jpg 250w, https:\/\/www.redenoticia.com.br\/noticia\/imagens\/a-forca-do-querer-resumo-sinopse-400x225.jpg 400w, https:\/\/www.redenoticia.com.br\/noticia\/imagens\/a-forca-do-querer-resumo-sinopse-768x432.jpg 768w, https:\/\/www.redenoticia.com.br\/noticia\/imagens\/a-forca-do-querer-resumo-sinopse-150x85.jpg 150w, https:\/\/www.redenoticia.com.br\/noticia\/imagens\/a-forca-do-querer-resumo-sinopse-696x392.jpg 696w, https:\/\/www.redenoticia.com.br\/noticia\/imagens\/a-forca-do-querer-resumo-sinopse-1068x601.jpg 1068w\" sizes=\"auto, (max-width: 1280px) 100vw, 1280px\" \/><\/p>\n<p><em><strong>Resumo da novela \u201cA For\u00e7a do Querer\u201d<\/strong><\/em> em 23\/02: no cap\u00edtulo 134(*) da novela, o agiota furta objetos da casa de Silvana como garantia para sua d\u00edvida. Dantas convence Abel a depor, com a inten\u00e7\u00e3o de ajudar Ruy, mas Jeiza impede a arma\u00e7\u00e3o. Bibi conta para Alessia sobre Carine. Silvana inventa uma mentira para Eurico, tentando justificar a aus\u00eancia dos objetos em casa, mas Nonato pressiona Dita. Joyce n\u00e3o consegue apresentar Ivan a uma antiga amiga. Bibi tenta fazer com que Rubinho confesse sua trai\u00e7\u00e3o. O juiz concede a guarda provis\u00f3ria de Ruyzinho a Joyce e Eug\u00eanio.<\/p>\n<p>Simone pede que Joyce se aproxime de Ivan. Simone confronta Silvana e se exalta com a prote\u00e7\u00e3o de Dita \u00e0 doen\u00e7a da m\u00e3e. Irene manipula Eurico para provocar Silvana. Werneck e outros policiais localizam a casa de Rubinho e Bibi. Jeiza descobre que Caio foi noivo de Bibi. Rubinho jura a Bibi que nunca a traiu e perde perd\u00e3o \u00e0 mulher. Ruy vai para a delegacia. Ritinha consegue entrar na casa de Joyce.<\/p>\n<p>(*) edi\u00e7\u00e3o das novelas da Globo, \u201cA For\u00e7a do Querer\u201d, sujeito a altera\u00e7\u00e3o de data e conte\u00fado.<\/p>\n<p>Sinopse \u201cA For\u00e7a do Querer\u201d: esta \u00e9 a hist\u00f3ria de Rita (Isis Valverde), uma jovem apaixonada por si mesma e que adora sentir o fasc\u00ednio que exerce sobre os homens &#8211; assim como as sereias. Zeca (Marco Pigossi) \u00e9 caminhoneiro rude, passional e com um cora\u00e7\u00e3o enorme. Trabalhador, nunca se deixou levar pelos coment\u00e1rios maldosos sobre a personalidade de Rita. Apaixonado pela gata, fica arrasado ao saber de seu envolvimento com Ruy. Orgulhoso, se muda para o Rio de Janeiro para recome\u00e7ar a vida e se aproxima de Jeiza. Ruy (Fiuk) \u00e9 o filho de Eug\u00eanio e Joyce. Est\u00e1 sendo treinado para substituir o pai na empresa da fam\u00edlia. Noivo de Cibele, se encanta por Rita durante uma viagem ao Par\u00e1.<\/p>\n","protected":false},"excerpt":{"rendered":"<p>Resumo da novela \u201cA For\u00e7a do Querer\u201d em 23\/02: no cap\u00edtulo 134(*) da novela, o agiota furta objetos da casa de Silvana como garantia para sua d\u00edvida. Dantas convence Abel a depor, com a inten\u00e7\u00e3o de ajudar Ruy, mas Jeiza impede a arma\u00e7\u00e3o. Bibi conta para Alessia sobre Carine. Silvana inventa uma mentira para Eurico, [&hellip;]<\/p>\n","protected":false},"author":4,"featured_media":195901,"comment_status":"closed","ping_status":"closed","sticky":false,"template":"","format":"standard","meta":{"_genesis_hide_title":false,"_genesis_hide_breadcrumbs":false,"_genesis_hide_singular_image":false,"_genesis_hide_footer_widgets":false,"_genesis_custom_body_class":"","_genesis_custom_post_class":"","_genesis_layout":"","_jetpack_memberships_contains_paid_content":false,"footnotes":""},"categories":[2027,379,375,2025,343],"tags":[441],"class_list":{"0":"post-203686","1":"post","2":"type-post","3":"status-publish","4":"format-standard","5":"has-post-thumbnail","7":"category-a-forca-do-querer","8":"category-novelas","9":"category-rede-globo","10":"category-resumo","11":"category-televisao","12":"tag-resumo-do-dia","13":"entry","14":"gs-1","15":"gs-odd","16":"gs-even","17":"gs-featured-content-entry"},"jetpack_featured_media_url":"https:\/\/www.redenoticia.com.br\/noticia\/imagens\/a-forca-do-querer-resumo-sinopse-elenco-capitulos-personagens.jpg","jetpack_sharing_enabled":true,"jetpack_likes_enabled":true,"_links":{"self":[{"href":"https:\/\/www.redenoticia.com.br\/noticia\/wp-json\/wp\/v2\/posts\/203686","targetHints":{"allow":["GET"]}}],"collection":[{"href":"https:\/\/www.redenoticia.com.br\/noticia\/wp-json\/wp\/v2\/posts"}],"about":[{"href":"https:\/\/www.redenoticia.com.br\/noticia\/wp-json\/wp\/v2\/types\/post"}],"author":[{"embeddable":true,"href":"https:\/\/www.redenoticia.com.br\/noticia\/wp-json\/wp\/v2\/users\/4"}],"replies":[{"embeddable":true,"href":"https:\/\/www.redenoticia.com.br\/noticia\/wp-json\/wp\/v2\/comments?post=203686"}],"version-history":[{"count":0,"href":"https:\/\/www.redenoticia.com.br\/noticia\/wp-json\/wp\/v2\/posts\/203686\/revisions"}],"wp:featuredmedia":[{"embeddable":true,"href":"https:\/\/www.redenoticia.com.br\/noticia\/wp-json\/wp\/v2\/media\/195901"}],"wp:attachment":[{"href":"https:\/\/www.redenoticia.com.br\/noticia\/wp-json\/wp\/v2\/media?parent=203686"}],"wp:term":[{"taxonomy":"category","embeddable":true,"href":"https:\/\/www.redenoticia.com.br\/noticia\/wp-json\/wp\/v2\/categories?post=203686"},{"taxonomy":"post_tag","embeddable":true,"href":"https:\/\/www.redenoticia.com.br\/noticia\/wp-json\/wp\/v2\/tags?post=203686"}],"curies":[{"name":"wp","href":"https:\/\/api.w.org\/{rel}","templated":true}]}}