{"id":202148,"date":"2021-01-05T10:31:56","date_gmt":"2021-01-05T13:31:56","guid":{"rendered":"https:\/\/www.redenoticia.com.br\/noticia\/?p=202148"},"modified":"2021-01-05T10:31:56","modified_gmt":"2021-01-05T13:31:56","slug":"resumo-chiquititas-06-01-valentina-leva-gabi-a-igreja-para-ver-miguel","status":"publish","type":"post","link":"https:\/\/www.redenoticia.com.br\/noticia\/2021\/resumo-chiquititas-06-01-valentina-leva-gabi-a-igreja-para-ver-miguel\/202148","title":{"rendered":"Resumo \u201cChiquititas\u201d 06\/01: Valentina leva Gabi a igreja para ver Miguel"},"content":{"rendered":"<p><img loading=\"lazy\" decoding=\"async\" class=\"aligncenter size-full wp-image-195897\" src=\"https:\/\/www.redenoticia.com.br\/noticia\/imagens\/chiquititas-resumo-sinopse.jpg\" alt=\"\" width=\"1280\" height=\"720\" srcset=\"https:\/\/www.redenoticia.com.br\/noticia\/imagens\/chiquititas-resumo-sinopse.jpg 1280w, https:\/\/www.redenoticia.com.br\/noticia\/imagens\/chiquititas-resumo-sinopse-250x140.jpg 250w, https:\/\/www.redenoticia.com.br\/noticia\/imagens\/chiquititas-resumo-sinopse-400x225.jpg 400w, https:\/\/www.redenoticia.com.br\/noticia\/imagens\/chiquititas-resumo-sinopse-768x432.jpg 768w, https:\/\/www.redenoticia.com.br\/noticia\/imagens\/chiquititas-resumo-sinopse-150x85.jpg 150w, https:\/\/www.redenoticia.com.br\/noticia\/imagens\/chiquititas-resumo-sinopse-696x392.jpg 696w, https:\/\/www.redenoticia.com.br\/noticia\/imagens\/chiquititas-resumo-sinopse-1068x601.jpg 1068w\" sizes=\"auto, (max-width: 1280px) 100vw, 1280px\" \/><\/p>\n<p><strong><em>Resumo da novela \u201cChiquititas\u201d<\/em><\/strong> em 06\/01: no cap\u00edtulo 129(*) da novela, a cantora Negra Li tamb\u00e9m participa da premia\u00e7\u00e3o e concede entrevista assim que chega \u00e0 festa. A rep\u00f3rter diz que al\u00e9m da m\u00fasica, tamb\u00e9m \u00e9 f\u00e3 do cabelo dela. Negra Li diz que por nada alisaria as madeixas. Pata fica feliz com o que assiste na TV. Enquanto isso, Miguel consegue entrar no por\u00e3o do orfanato Raio de Luz. Valentina diz que ir\u00e1 levar Gabriela para encontrar Miguel. Cintia pede para Jos\u00e9 Ricardo autorizar ela a mandar as crian\u00e7as para um acampamento de f\u00e9rias. Duda pede para ir junto com as chiquititas. Matias est\u00e1 triste, pois n\u00e3o quer ir para os Estados Unidos para estudar, como seu pai est\u00e1 for\u00e7ando ele a fazer. Negra Li ganha um trof\u00e9u na premia\u00e7\u00e3o e agradece os votos recebidos.<\/p>\n<p>A cantora tamb\u00e9m faz um show e canta a m\u00fasica &#8220;Voc\u00ea vai estar na minha&#8221;. Enquanto assistem ao show, as chiquititas dan\u00e7am no orfanato. Tom\u00e1s Ferraz ganha a premia\u00e7\u00e3o de cantor revela\u00e7\u00e3o. Assim que ele sobe ao palco para agradecer, \u00e9 surpreendido por Roberto Leal. O verdadeiro cantor portugu\u00eas diz que Tom\u00e1s Ferras \u00e9 uma fraude e que a m\u00fasica &#8220;A Festa Ainda Pode Ser Bonita&#8221; \u00e9 de verdadeira autoria dele. Os dois brigam pelo trof\u00e9u no palco. No dia seguinte, Tobias e Beto discutem sobre a can\u00e7\u00e3o. Cris faz uma campanha na internet para apoiar Tom\u00e1s Ferraz. Cintia avisa que todos ir\u00e3o para um acampamento de f\u00e9rias. Todos comemoram. Vivi pensa em algum jeito de avisar Matias sobre a viagem. Eduarda pede para Maria Cec\u00edlia colocar uma c\u00e2mera escondida na estante da sala para provar que Glorinha est\u00e1 lhe maltratando. Matias foge do aeroporto para n\u00e3o ir para os Estados Unidos.<\/p>\n<p>Valentina leva Gabi at\u00e9 a igreja abandonada para ver Miguel. Ao chegar no local, Gabi repete algumas vezes o nome de Miguel, por\u00e9m, quando seu grande amor do passado aparece, ela fica agitada e com medo. Miguel decide sair do local para acalmar Gabriela, que n\u00e3o o reconhece, talvez, devido a m\u00e1scara. Matias liga para Duda e pede ajuda para poder se esconder. Vivi vai at\u00e9 a mans\u00e3o de Matias para avisar o namorado que todos do orfanato ir\u00e3o viajar para um acampamento de f\u00e9rias, mas \u00e9 surpreendida com a not\u00edcia de que ele foi para os Estados Unidos e fica decepcionada ao achar que ele n\u00e3o se despediu dela. Os pais de Matias v\u00e3o at\u00e9 o orfanato, por acreditar que o menino foi para l\u00e1 atr\u00e1s de Vivi.<\/p>\n<p>(*) edi\u00e7\u00e3o das novelas do SBT, \u201cChiquititas\u201d, sujeito a altera\u00e7\u00e3o de data e conte\u00fado.<\/p>\n","protected":false},"excerpt":{"rendered":"<p>Resumo da novela \u201cChiquititas\u201d em 06\/01: no cap\u00edtulo 129(*) da novela, a cantora Negra Li tamb\u00e9m participa da premia\u00e7\u00e3o e concede entrevista assim que chega \u00e0 festa. A rep\u00f3rter diz que al\u00e9m da m\u00fasica, tamb\u00e9m \u00e9 f\u00e3 do cabelo dela. Negra Li diz que por nada alisaria as madeixas. Pata fica feliz com o que [&hellip;]<\/p>\n","protected":false},"author":4,"featured_media":195894,"comment_status":"closed","ping_status":"closed","sticky":false,"template":"","format":"standard","meta":{"_genesis_hide_title":false,"_genesis_hide_breadcrumbs":false,"_genesis_hide_singular_image":false,"_genesis_hide_footer_widgets":false,"_genesis_custom_body_class":"","_genesis_custom_post_class":"","_genesis_layout":"","_jetpack_memberships_contains_paid_content":false,"footnotes":""},"categories":[409,379,2025,372,343],"tags":[441],"class_list":{"0":"post-202148","1":"post","2":"type-post","3":"status-publish","4":"format-standard","5":"has-post-thumbnail","7":"category-chiquititas","8":"category-novelas","9":"category-resumo","10":"category-sbt","11":"category-televisao","12":"tag-resumo-do-dia","13":"entry","14":"gs-1","15":"gs-odd","16":"gs-even","17":"gs-featured-content-entry"},"jetpack_featured_media_url":"https:\/\/www.redenoticia.com.br\/noticia\/imagens\/chiquititas-resumo-sinopse-sbt.jpg","jetpack_sharing_enabled":true,"jetpack_likes_enabled":true,"_links":{"self":[{"href":"https:\/\/www.redenoticia.com.br\/noticia\/wp-json\/wp\/v2\/posts\/202148","targetHints":{"allow":["GET"]}}],"collection":[{"href":"https:\/\/www.redenoticia.com.br\/noticia\/wp-json\/wp\/v2\/posts"}],"about":[{"href":"https:\/\/www.redenoticia.com.br\/noticia\/wp-json\/wp\/v2\/types\/post"}],"author":[{"embeddable":true,"href":"https:\/\/www.redenoticia.com.br\/noticia\/wp-json\/wp\/v2\/users\/4"}],"replies":[{"embeddable":true,"href":"https:\/\/www.redenoticia.com.br\/noticia\/wp-json\/wp\/v2\/comments?post=202148"}],"version-history":[{"count":0,"href":"https:\/\/www.redenoticia.com.br\/noticia\/wp-json\/wp\/v2\/posts\/202148\/revisions"}],"wp:featuredmedia":[{"embeddable":true,"href":"https:\/\/www.redenoticia.com.br\/noticia\/wp-json\/wp\/v2\/media\/195894"}],"wp:attachment":[{"href":"https:\/\/www.redenoticia.com.br\/noticia\/wp-json\/wp\/v2\/media?parent=202148"}],"wp:term":[{"taxonomy":"category","embeddable":true,"href":"https:\/\/www.redenoticia.com.br\/noticia\/wp-json\/wp\/v2\/categories?post=202148"},{"taxonomy":"post_tag","embeddable":true,"href":"https:\/\/www.redenoticia.com.br\/noticia\/wp-json\/wp\/v2\/tags?post=202148"}],"curies":[{"name":"wp","href":"https:\/\/api.w.org\/{rel}","templated":true}]}}