{"id":199848,"date":"2020-10-31T19:20:26","date_gmt":"2020-10-31T22:20:26","guid":{"rendered":"https:\/\/www.redenoticia.com.br\/noticia\/?p=199848"},"modified":"2020-10-31T19:20:26","modified_gmt":"2020-10-31T22:20:26","slug":"resumo-cumplices-de-um-resgate-02-11-manuela-briga-com-isabela","status":"publish","type":"post","link":"https:\/\/www.redenoticia.com.br\/noticia\/2020\/resumo-cumplices-de-um-resgate-02-11-manuela-briga-com-isabela\/199848","title":{"rendered":"Resumo \u201cC\u00famplices de um Resgate\u201d 02\/11: Manuela briga com Isabela"},"content":{"rendered":"<p> <img loading=\"lazy\" decoding=\"async\" class=\"aligncenter size-full wp-image-195896\" src=\"https:\/\/www.redenoticia.com.br\/noticia\/imagens\/cumplices-de-um-resgate-resumo-sinopse-elenco.jpg\" alt=\"\" width=\"1280\" height=\"720\" srcset=\"https:\/\/www.redenoticia.com.br\/noticia\/imagens\/cumplices-de-um-resgate-resumo-sinopse-elenco.jpg 1280w, https:\/\/www.redenoticia.com.br\/noticia\/imagens\/cumplices-de-um-resgate-resumo-sinopse-elenco-250x140.jpg 250w, https:\/\/www.redenoticia.com.br\/noticia\/imagens\/cumplices-de-um-resgate-resumo-sinopse-elenco-400x225.jpg 400w, https:\/\/www.redenoticia.com.br\/noticia\/imagens\/cumplices-de-um-resgate-resumo-sinopse-elenco-768x432.jpg 768w, https:\/\/www.redenoticia.com.br\/noticia\/imagens\/cumplices-de-um-resgate-resumo-sinopse-elenco-150x85.jpg 150w, https:\/\/www.redenoticia.com.br\/noticia\/imagens\/cumplices-de-um-resgate-resumo-sinopse-elenco-696x392.jpg 696w, https:\/\/www.redenoticia.com.br\/noticia\/imagens\/cumplices-de-um-resgate-resumo-sinopse-elenco-1068x601.jpg 1068w\" sizes=\"auto, (max-width: 1280px) 100vw, 1280px\" \/><\/p>\n<p><strong><em>Resumo da novela \u201cC\u00famplices de um Resgate\u201d em 02\/11<\/em><\/strong>: no cap\u00edtulo 474(*) da novela, todos os objetos roubados no Vilarejo dos Sonhos s\u00e3o substitu\u00eddos por um cart\u00e3o de serpente. Priscila diz para Geraldo que n\u00e3o quer v\u00ea-lo nunca mais. Isabela edita um v\u00eddeo em que finge ser Manuela cantando com ela mesma. Paola vai at\u00e9 a gravadora D\u00f3-R\u00e9-Music para dizer que j\u00e1 sabe que Andr\u00eas \u00e9 na verdade Andr\u00e9. Geraldo diz para Regina que Priscila entregou ele para pol\u00edcia, mas que ele conseguiu fugir a tempo. Em casa, Priscila revela para a fam\u00edlia que denunciou Geraldo para a pol\u00edcia, s\u00f3 que est\u00e1 se sentindo arrependida. Safira conforta a filha. <\/p>\n<p>Meire continua a pedir votos para que sua banda consiga se classificar para participar do concurso de bandas. Paola, que \u00e9 a internauta que tenta destruir a imagem da C1R diz na internet que o v\u00eddeo das g\u00eameas cantando \u00e9 falso. Manuela briga com Isabela por ter gravado o v\u00eddeo se passando por ela. Paola segue com o plano para ficar com Ot\u00e1vio para ela. <\/p>\n<p>(*) edi\u00e7\u00e3o das novelas do SBT, \u201cC\u00famplices de um Resgate\u201d, sujeito a altera\u00e7\u00e3o de data e conte\u00fado.<\/p>\n<p>Sinopse \u201cC\u00famplices de um Resgate\u201d: Duas irm\u00e3s g\u00eameas univitelinas que foram separadas ap\u00f3s nascimento, se reencontram somente ap\u00f3s doze anos. Manuela, uma das g\u00eameas, \u00e9 doce, meiga, gentil, e muito talentosa para a m\u00fasica e tem uma voz encantadora. Vive uma vida feliz no Vilarejo dos Sonhos, onde mora com sua av\u00f3 Nina, sua tia Helena e sua m\u00e3e Rebeca, que d\u00e1 muito amor e carinho a filha por ela nunca ter tido um pai, e ela \u00e9 a m\u00e3e biol\u00f3gica das duas garotas, mas nunca soube que teve g\u00eameas.<\/p>\n","protected":false},"excerpt":{"rendered":"<p>Resumo da novela \u201cC\u00famplices de um Resgate\u201d em 02\/11: no cap\u00edtulo 474(*) da novela, todos os objetos roubados no Vilarejo dos Sonhos s\u00e3o substitu\u00eddos por um cart\u00e3o de serpente. Priscila diz para Geraldo que n\u00e3o quer v\u00ea-lo nunca mais. Isabela edita um v\u00eddeo em que finge ser Manuela cantando com ela mesma. Paola vai at\u00e9 [&hellip;]<\/p>\n","protected":false},"author":2,"featured_media":195895,"comment_status":"closed","ping_status":"closed","sticky":false,"template":"","format":"standard","meta":{"_genesis_hide_title":false,"_genesis_hide_breadcrumbs":false,"_genesis_hide_singular_image":false,"_genesis_hide_footer_widgets":false,"_genesis_custom_body_class":"","_genesis_custom_post_class":"","_genesis_layout":"","_jetpack_memberships_contains_paid_content":false,"footnotes":""},"categories":[379,2025,372,343],"tags":[441],"class_list":{"0":"post-199848","1":"post","2":"type-post","3":"status-publish","4":"format-standard","5":"has-post-thumbnail","7":"category-novelas","8":"category-resumo","9":"category-sbt","10":"category-televisao","11":"tag-resumo-do-dia","12":"entry","13":"gs-1","14":"gs-odd","15":"gs-even","16":"gs-featured-content-entry"},"jetpack_featured_media_url":"https:\/\/www.redenoticia.com.br\/noticia\/imagens\/cumplices-de-um-resgate-resumo-sinopse-1.jpg","jetpack_sharing_enabled":true,"jetpack_likes_enabled":true,"_links":{"self":[{"href":"https:\/\/www.redenoticia.com.br\/noticia\/wp-json\/wp\/v2\/posts\/199848","targetHints":{"allow":["GET"]}}],"collection":[{"href":"https:\/\/www.redenoticia.com.br\/noticia\/wp-json\/wp\/v2\/posts"}],"about":[{"href":"https:\/\/www.redenoticia.com.br\/noticia\/wp-json\/wp\/v2\/types\/post"}],"author":[{"embeddable":true,"href":"https:\/\/www.redenoticia.com.br\/noticia\/wp-json\/wp\/v2\/users\/2"}],"replies":[{"embeddable":true,"href":"https:\/\/www.redenoticia.com.br\/noticia\/wp-json\/wp\/v2\/comments?post=199848"}],"version-history":[{"count":0,"href":"https:\/\/www.redenoticia.com.br\/noticia\/wp-json\/wp\/v2\/posts\/199848\/revisions"}],"wp:featuredmedia":[{"embeddable":true,"href":"https:\/\/www.redenoticia.com.br\/noticia\/wp-json\/wp\/v2\/media\/195895"}],"wp:attachment":[{"href":"https:\/\/www.redenoticia.com.br\/noticia\/wp-json\/wp\/v2\/media?parent=199848"}],"wp:term":[{"taxonomy":"category","embeddable":true,"href":"https:\/\/www.redenoticia.com.br\/noticia\/wp-json\/wp\/v2\/categories?post=199848"},{"taxonomy":"post_tag","embeddable":true,"href":"https:\/\/www.redenoticia.com.br\/noticia\/wp-json\/wp\/v2\/tags?post=199848"}],"curies":[{"name":"wp","href":"https:\/\/api.w.org\/{rel}","templated":true}]}}