{"id":198329,"date":"2020-09-24T11:51:25","date_gmt":"2020-09-24T14:51:25","guid":{"rendered":"https:\/\/www.redenoticia.com.br\/noticia\/?p=198329"},"modified":"2020-09-24T11:51:25","modified_gmt":"2020-09-24T14:51:25","slug":"resumo-lacos-de-familia-25-09-fred-chega-a-fazenda-do-avo","status":"publish","type":"post","link":"https:\/\/www.redenoticia.com.br\/noticia\/2020\/resumo-lacos-de-familia-25-09-fred-chega-a-fazenda-do-avo\/198329","title":{"rendered":"Resumo \u201cLa\u00e7os de Fam\u00edlia\u201d 25\/09: Fred chega a fazenda do av\u00f4"},"content":{"rendered":"<p><img loading=\"lazy\" decoding=\"async\" class=\"aligncenter size-full wp-image-197365\" src=\"https:\/\/www.redenoticia.com.br\/noticia\/imagens\/lacos-de-familia-resumo-sinopse-elenco-helena-camila-edu.jpg\" alt=\"\" width=\"1280\" height=\"720\" srcset=\"https:\/\/www.redenoticia.com.br\/noticia\/imagens\/lacos-de-familia-resumo-sinopse-elenco-helena-camila-edu.jpg 1280w, https:\/\/www.redenoticia.com.br\/noticia\/imagens\/lacos-de-familia-resumo-sinopse-elenco-helena-camila-edu-250x140.jpg 250w, https:\/\/www.redenoticia.com.br\/noticia\/imagens\/lacos-de-familia-resumo-sinopse-elenco-helena-camila-edu-400x225.jpg 400w, https:\/\/www.redenoticia.com.br\/noticia\/imagens\/lacos-de-familia-resumo-sinopse-elenco-helena-camila-edu-768x432.jpg 768w, https:\/\/www.redenoticia.com.br\/noticia\/imagens\/lacos-de-familia-resumo-sinopse-elenco-helena-camila-edu-150x85.jpg 150w\" sizes=\"auto, (max-width: 1280px) 100vw, 1280px\" \/><\/p>\n<p><em><strong>Resumo da novela \u201cLa\u00e7os de Fam\u00edlia\u201d<\/strong><\/em> em 25\/09: no cap\u00edtulo 015(*) da novela, Miguel se desaponta ao saber que Edu est\u00e1 tamb\u00e9m em T\u00f3quio. \u00cdris pede desculpas \u00e0 m\u00e3e, que prefere ter uma longa conversa depois. Capitu ganha mil d\u00f3lares de gorjeta e guarda numa gaveta junto com outras notas. Ema reclama da filha para Paschoal. Ci\u00e7a implica com tudo, menos com Edu. Todos saem juntos em T\u00f3quio. Camila acha que Edu deve dar um corte em Ci\u00e7a e Helena brinca que ela pode ser a jovem que vai ficar entre eles, como profetizou a cartomante. Viriato sofre com a impot\u00eancia. S\u00edlvia procura Pedro no haras e marca um jantar de reconcilia\u00e7\u00e3o. C\u00edntia se irrita com o administrador que descarrega o seu mau-humor nela. Ingrid se assusta ao perceber que a filha odeia Helena, mesmo sem conhecer. Fred se comove com o telefonema de \u00cdris avisando que Al\u00e9ssio est\u00e1 morrendo e quer ver a filha.<\/p>\n<p>Helena fica impressionada ao sentir estranhos arrepios, uma premoni\u00e7\u00e3o de morte. Al\u00e9ssio quer pedir perd\u00e3o \u00e0 filha para morrer em paz. Ingrid estranha \u00cdris dan\u00e7ando na frente do espelho. Clara pensa numa poss\u00edvel heran\u00e7a, e convence Fred a n\u00e3o avisar Helena e ir ele mesmo \u00e0 fazenda de Al\u00e9ssio. Capitu e Zilda saem juntas com as crian\u00e7as. Paulo entrega as fotos para Capitu. Pedro salva uma crian\u00e7a, que \u00e9 quase atropelada por C\u00edntia que galopava no haras. Os dois tem uma penosa discuss\u00e3o. A veterin\u00e1ria procura Alma e pede demiss\u00e3o, mas a patroa insiste que ela reconsidere. S\u00edlvia chora: o jantar de reconcilia\u00e7\u00e3o foi um fracasso. Fred chega na fazenda. Enquanto \u00cdris cavalga, Ingrid recebe Fred.<\/p>\n<p>(*) edi\u00e7\u00e3o das novelas da Globo, \u201cLa\u00e7os de Fam\u00edlia\u201d, sujeito a altera\u00e7\u00e3o de data e conte\u00fado.<\/p>\n<p>Sinopse &#8220;La\u00e7os de Fam\u00edlia&#8221;: Helena (Vera Fischer) est\u00e1 a caminho da praia quando seu carro se choca com o do jovem m\u00e9dico Edu (Reynaldo Gianecchini). De in\u00edcio os dois se estranham, mas depois acabam se envolvendo. O acidente acontece em frente \u00e0 livraria Dom Casmurro, de propriedade de Miguel (Tony Ramos), que se encanta imediatamente por ela. Helena \u00e9 m\u00e3e de Camila (Carolina Dieckmann). Com o tempo, Camila descobre que est\u00e1 apaixonada por Edu e que \u00e9 correspondida.<\/p>\n","protected":false},"excerpt":{"rendered":"<p>Resumo da novela \u201cLa\u00e7os de Fam\u00edlia\u201d em 25\/09: no cap\u00edtulo 015(*) da novela, Miguel se desaponta ao saber que Edu est\u00e1 tamb\u00e9m em T\u00f3quio. \u00cdris pede desculpas \u00e0 m\u00e3e, que prefere ter uma longa conversa depois. Capitu ganha mil d\u00f3lares de gorjeta e guarda numa gaveta junto com outras notas. Ema reclama da filha para [&hellip;]<\/p>\n","protected":false},"author":4,"featured_media":197366,"comment_status":"closed","ping_status":"closed","sticky":false,"template":"","format":"standard","meta":{"_genesis_hide_title":false,"_genesis_hide_breadcrumbs":false,"_genesis_hide_singular_image":false,"_genesis_hide_footer_widgets":false,"_genesis_custom_body_class":"","_genesis_custom_post_class":"","_genesis_layout":"","_jetpack_memberships_contains_paid_content":false,"footnotes":""},"categories":[2061,379,375,2025,343],"tags":[441],"class_list":{"0":"post-198329","1":"post","2":"type-post","3":"status-publish","4":"format-standard","5":"has-post-thumbnail","7":"category-lacos-de-familia","8":"category-novelas","9":"category-rede-globo","10":"category-resumo","11":"category-televisao","12":"tag-resumo-do-dia","13":"entry","14":"gs-1","15":"gs-odd","16":"gs-even","17":"gs-featured-content-entry"},"jetpack_featured_media_url":"https:\/\/www.redenoticia.com.br\/noticia\/imagens\/lacos-de-familia-resumo-sinopse-elenco-capitulos-personagens-1.jpg","jetpack_sharing_enabled":true,"jetpack_likes_enabled":true,"_links":{"self":[{"href":"https:\/\/www.redenoticia.com.br\/noticia\/wp-json\/wp\/v2\/posts\/198329","targetHints":{"allow":["GET"]}}],"collection":[{"href":"https:\/\/www.redenoticia.com.br\/noticia\/wp-json\/wp\/v2\/posts"}],"about":[{"href":"https:\/\/www.redenoticia.com.br\/noticia\/wp-json\/wp\/v2\/types\/post"}],"author":[{"embeddable":true,"href":"https:\/\/www.redenoticia.com.br\/noticia\/wp-json\/wp\/v2\/users\/4"}],"replies":[{"embeddable":true,"href":"https:\/\/www.redenoticia.com.br\/noticia\/wp-json\/wp\/v2\/comments?post=198329"}],"version-history":[{"count":0,"href":"https:\/\/www.redenoticia.com.br\/noticia\/wp-json\/wp\/v2\/posts\/198329\/revisions"}],"wp:featuredmedia":[{"embeddable":true,"href":"https:\/\/www.redenoticia.com.br\/noticia\/wp-json\/wp\/v2\/media\/197366"}],"wp:attachment":[{"href":"https:\/\/www.redenoticia.com.br\/noticia\/wp-json\/wp\/v2\/media?parent=198329"}],"wp:term":[{"taxonomy":"category","embeddable":true,"href":"https:\/\/www.redenoticia.com.br\/noticia\/wp-json\/wp\/v2\/categories?post=198329"},{"taxonomy":"post_tag","embeddable":true,"href":"https:\/\/www.redenoticia.com.br\/noticia\/wp-json\/wp\/v2\/tags?post=198329"}],"curies":[{"name":"wp","href":"https:\/\/api.w.org\/{rel}","templated":true}]}}