{"id":198278,"date":"2020-09-23T19:22:02","date_gmt":"2020-09-23T22:22:02","guid":{"rendered":"https:\/\/www.redenoticia.com.br\/noticia\/?p=198278"},"modified":"2020-09-23T19:22:02","modified_gmt":"2020-09-23T22:22:02","slug":"resumo-a-forca-do-querer-24-09-zeca-se-desespera-ao-saber-da-fuga-da-noiva","status":"publish","type":"post","link":"https:\/\/www.redenoticia.com.br\/noticia\/2020\/resumo-a-forca-do-querer-24-09-zeca-se-desespera-ao-saber-da-fuga-da-noiva\/198278","title":{"rendered":"Resumo &#8220;A For\u00e7a do Querer&#8221; 24\/09: Zeca se desespera ao saber da fuga da noiva"},"content":{"rendered":"<p> <img loading=\"lazy\" decoding=\"async\" src=\"https:\/\/www.redenoticia.com.br\/noticia\/imagens\/a-forca-do-querer-resumo-sinopse.jpg\" alt=\"\" width=\"1280\" height=\"720\" class=\"aligncenter size-full wp-image-195899\" srcset=\"https:\/\/www.redenoticia.com.br\/noticia\/imagens\/a-forca-do-querer-resumo-sinopse.jpg 1280w, https:\/\/www.redenoticia.com.br\/noticia\/imagens\/a-forca-do-querer-resumo-sinopse-250x140.jpg 250w, https:\/\/www.redenoticia.com.br\/noticia\/imagens\/a-forca-do-querer-resumo-sinopse-400x225.jpg 400w, https:\/\/www.redenoticia.com.br\/noticia\/imagens\/a-forca-do-querer-resumo-sinopse-768x432.jpg 768w, https:\/\/www.redenoticia.com.br\/noticia\/imagens\/a-forca-do-querer-resumo-sinopse-150x85.jpg 150w, https:\/\/www.redenoticia.com.br\/noticia\/imagens\/a-forca-do-querer-resumo-sinopse-696x392.jpg 696w, https:\/\/www.redenoticia.com.br\/noticia\/imagens\/a-forca-do-querer-resumo-sinopse-1068x601.jpg 1068w\" sizes=\"auto, (max-width: 1280px) 100vw, 1280px\" \/><\/p>\n<p><em><strong>Resumo da novela \u201cA For\u00e7a do Querer\u201d<\/strong><\/em> em 24\/09: no cap\u00edtulo 004(*) da novela, Ruy tenta ficar com Ritinha. Ivana pede para morar sozinha. Joyce discute com Eug\u00eanio. Zeca conversa com Nazar\u00e9 sobre Ritinha. Ritinha diz a Marilda que ir\u00e1 para o Rio de Janeiro com Ruy. Silvana indica uma arquiteta para ajudar Eug\u00eanio com o projeto de seu escrit\u00f3rio. Cirilo marca uma viagem com Caio. Aurora discute com Rubinho. Bibi e Caio se veem na rua. Bibi \u00e9 assaltada no \u00f4nibus e acaba sofrendo um acidente.<\/p>\n<p>Eug\u00eanio fica feliz com o trabalho de Irene. Silvana avisa a Eurico que ir\u00e1 demorar para voltar para casa. Caio flagra Silvana em uma mesa de p\u00f4quer. Ritinha prepara um banho de ervas. Zeca chega ao Rio de Janeiro e leva Nazar\u00e9 em casa. Ritinha n\u00e3o encontra Ruy no local marcado e decide ir atr\u00e1s dele em Bel\u00e9m, acreditando que o encontrar\u00e1 antes dele embarcar para o Rio. Zeca se desespera ao saber da fuga da noiva. Ritinha chega a Bel\u00e9m. Caminh\u00e3o de Zeca para em blitz comandada por Jeiza.<\/p>\n<p>(*) edi\u00e7\u00e3o das novelas da Globo, \u201cA For\u00e7a do Querer\u201d, sujeito a altera\u00e7\u00e3o de data e conte\u00fado.<\/p>\n<p>Sinopse \u201cA For\u00e7a do Querer\u201d: esta \u00e9 a hist\u00f3ria de Rita (Isis Valverde), uma jovem apaixonada por si mesmo e que adora sentir o fasc\u00ednio que exerce sobre os homens &#8211; assim como as sereias. Zeca (Marco Pigossi) \u00e9 caminhoneiro rude, passional e com um cora\u00e7\u00e3o enorme. Trabalhador, nunca se deixou levar pelos coment\u00e1rios maldosos sobre a personalidade de Rita. Apaixonado pela gata, fica arrasado ao saber de seu envolvimento com Ruy. Orgulhoso, se muda para o Rio de Janeiro para recome\u00e7ar a vida e se aproxima de Jeiza. Ruy (Fiuk) \u00e9 o filho de Eug\u00eanio e Joyce. Est\u00e1 sendo treinado para substituir o pai na empresa da fam\u00edlia. Noivo de Cibele, se encanta por Rita durante uma viagem ao Par\u00e1. <\/p>\n","protected":false},"excerpt":{"rendered":"<p>Resumo da novela \u201cA For\u00e7a do Querer\u201d em 24\/09: no cap\u00edtulo 004(*) da novela, Ruy tenta ficar com Ritinha. Ivana pede para morar sozinha. Joyce discute com Eug\u00eanio. Zeca conversa com Nazar\u00e9 sobre Ritinha. Ritinha diz a Marilda que ir\u00e1 para o Rio de Janeiro com Ruy. Silvana indica uma arquiteta para ajudar Eug\u00eanio com [&hellip;]<\/p>\n","protected":false},"author":2,"featured_media":195901,"comment_status":"closed","ping_status":"closed","sticky":false,"template":"","format":"standard","meta":{"_genesis_hide_title":false,"_genesis_hide_breadcrumbs":false,"_genesis_hide_singular_image":false,"_genesis_hide_footer_widgets":false,"_genesis_custom_body_class":"","_genesis_custom_post_class":"","_genesis_layout":"","_jetpack_memberships_contains_paid_content":false,"footnotes":""},"categories":[2027,379,375,2025,343],"tags":[441],"class_list":{"0":"post-198278","1":"post","2":"type-post","3":"status-publish","4":"format-standard","5":"has-post-thumbnail","7":"category-a-forca-do-querer","8":"category-novelas","9":"category-rede-globo","10":"category-resumo","11":"category-televisao","12":"tag-resumo-do-dia","13":"entry","14":"gs-1","15":"gs-odd","16":"gs-even","17":"gs-featured-content-entry"},"jetpack_featured_media_url":"https:\/\/www.redenoticia.com.br\/noticia\/imagens\/a-forca-do-querer-resumo-sinopse-elenco-capitulos-personagens.jpg","jetpack_sharing_enabled":true,"jetpack_likes_enabled":true,"_links":{"self":[{"href":"https:\/\/www.redenoticia.com.br\/noticia\/wp-json\/wp\/v2\/posts\/198278","targetHints":{"allow":["GET"]}}],"collection":[{"href":"https:\/\/www.redenoticia.com.br\/noticia\/wp-json\/wp\/v2\/posts"}],"about":[{"href":"https:\/\/www.redenoticia.com.br\/noticia\/wp-json\/wp\/v2\/types\/post"}],"author":[{"embeddable":true,"href":"https:\/\/www.redenoticia.com.br\/noticia\/wp-json\/wp\/v2\/users\/2"}],"replies":[{"embeddable":true,"href":"https:\/\/www.redenoticia.com.br\/noticia\/wp-json\/wp\/v2\/comments?post=198278"}],"version-history":[{"count":0,"href":"https:\/\/www.redenoticia.com.br\/noticia\/wp-json\/wp\/v2\/posts\/198278\/revisions"}],"wp:featuredmedia":[{"embeddable":true,"href":"https:\/\/www.redenoticia.com.br\/noticia\/wp-json\/wp\/v2\/media\/195901"}],"wp:attachment":[{"href":"https:\/\/www.redenoticia.com.br\/noticia\/wp-json\/wp\/v2\/media?parent=198278"}],"wp:term":[{"taxonomy":"category","embeddable":true,"href":"https:\/\/www.redenoticia.com.br\/noticia\/wp-json\/wp\/v2\/categories?post=198278"},{"taxonomy":"post_tag","embeddable":true,"href":"https:\/\/www.redenoticia.com.br\/noticia\/wp-json\/wp\/v2\/tags?post=198278"}],"curies":[{"name":"wp","href":"https:\/\/api.w.org\/{rel}","templated":true}]}}