{"id":198248,"date":"2020-11-06T11:01:41","date_gmt":"2020-11-06T14:01:41","guid":{"rendered":"https:\/\/www.redenoticia.com.br\/noticia\/?p=198248"},"modified":"2020-11-06T14:05:19","modified_gmt":"2020-11-06T17:05:19","slug":"novela-a-forca-do-querer-caio-planeja-reatar-com-bibi","status":"publish","type":"post","link":"https:\/\/www.redenoticia.com.br\/noticia\/2020\/novela-a-forca-do-querer-caio-planeja-reatar-com-bibi\/198248","title":{"rendered":"Novela &#8220;A For\u00e7a do Querer&#8221;: Caio planeja reatar com Bibi"},"content":{"rendered":"<p><img loading=\"lazy\" decoding=\"async\" src=\"https:\/\/www.redenoticia.com.br\/noticia\/imagens\/a-forca-do-querer-elenco.jpg\" alt=\"\" width=\"1280\" height=\"720\" class=\"aligncenter size-full wp-image-198237\" srcset=\"https:\/\/www.redenoticia.com.br\/noticia\/imagens\/a-forca-do-querer-elenco.jpg 1280w, https:\/\/www.redenoticia.com.br\/noticia\/imagens\/a-forca-do-querer-elenco-250x140.jpg 250w, https:\/\/www.redenoticia.com.br\/noticia\/imagens\/a-forca-do-querer-elenco-400x225.jpg 400w, https:\/\/www.redenoticia.com.br\/noticia\/imagens\/a-forca-do-querer-elenco-768x432.jpg 768w, https:\/\/www.redenoticia.com.br\/noticia\/imagens\/a-forca-do-querer-elenco-150x85.jpg 150w\" sizes=\"auto, (max-width: 1280px) 100vw, 1280px\" \/><\/p>\n<p> Na novela <em><strong>\u201cA For\u00e7a do Querer\u201d<\/strong><\/em>, ap\u00f3s uma audi\u00eancia na Justi\u00e7a, Rubinho (Emilio Dantas) n\u00e3o consegue responder ao seu processo em liberdade, e Caio (Rodrigo Lombardi) coloca Bibi (Juliana Paes) contra a parede ao dizer que ela sabe da culpa do marido. Bibi diz que, se o marido errou, foi por ela, ao querer lhe dar uma vida melhor. Caio a abra\u00e7a e a beija. Bibi tenta se esquivar, mas o advogado parte para um segundo beijo, ainda mais intenso. Bibi o rejeita e questiona que loucura \u00e9 aquela. Caio diz que loucura \u00e9 continuar a negar o que ainda \u00e9 muito forte entre eles. <\/p>\n<p>Bibi fica confusa e Caio pede para reatar. Ele diz que j\u00e1 mudou a sua vida uma vez por causa dela e que est\u00e1 disposto a mudar de novo. Bibi o compara com Rubinho ao dizer que sente pelo marido uma paix\u00e3o, uma overdose de adrenalina que ela necessita para se sentir viva. Caio a alfineta ao dizer que ela vai encontrar essa adrenalina na fila de visitas de Bangu. Bibi diz que o que tem com Rubinho n\u00e3o tem e nunca teve com ele.<\/p>\n<p>Cenas previstas nos resumos da novela \u201cA For\u00e7a do Querer\u201d.<\/p>\n<p>Sinopse \u201cA For\u00e7a do Querer\u201d: esta \u00e9 a hist\u00f3ria de Rita (Isis Valverde), uma jovem apaixonada por si mesmo e que adora sentir o fasc\u00ednio que exerce sobre os homens &#8211; assim como as sereias. Zeca (Marco Pigossi) \u00e9 caminhoneiro rude, passional e com um cora\u00e7\u00e3o enorme. Trabalhador, nunca se deixou levar pelos coment\u00e1rios maldosos sobre a personalidade de Rita. Apaixonado pela gata, fica arrasado ao saber de seu envolvimento com Ruy. Orgulhoso, se muda para o Rio de Janeiro para recome\u00e7ar a vida e se aproxima de Jeiza. Ruy (Fiuk) \u00e9 o filho de Eug\u00eanio e Joyce. Est\u00e1 sendo treinado para substituir o pai na empresa da fam\u00edlia. Noivo de Cibele, se encanta por Rita durante uma viagem ao Par\u00e1.<\/p>\n","protected":false},"excerpt":{"rendered":"<p>Na novela \u201cA For\u00e7a do Querer\u201d, ap\u00f3s uma audi\u00eancia na Justi\u00e7a, Rubinho (Emilio Dantas) n\u00e3o consegue responder ao seu processo em liberdade, e Caio (Rodrigo Lombardi) coloca Bibi (Juliana Paes) contra a parede ao dizer que ela sabe da culpa do marido. Bibi diz que, se o marido errou, foi por ela, ao querer lhe [&hellip;]<\/p>\n","protected":false},"author":2,"featured_media":198238,"comment_status":"closed","ping_status":"closed","sticky":false,"template":"","format":"standard","meta":{"_genesis_hide_title":false,"_genesis_hide_breadcrumbs":false,"_genesis_hide_singular_image":false,"_genesis_hide_footer_widgets":false,"_genesis_custom_body_class":"","_genesis_custom_post_class":"","_genesis_layout":"","_jetpack_memberships_contains_paid_content":false,"footnotes":""},"categories":[2027,379,375,343],"tags":[440],"class_list":{"0":"post-198248","1":"post","2":"type-post","3":"status-publish","4":"format-standard","5":"has-post-thumbnail","7":"category-a-forca-do-querer","8":"category-novelas","9":"category-rede-globo","10":"category-televisao","11":"tag-noticia-novela","12":"entry","13":"gs-1","14":"gs-odd","15":"gs-even","16":"gs-featured-content-entry"},"jetpack_featured_media_url":"https:\/\/www.redenoticia.com.br\/noticia\/imagens\/a-forca-do-querer-elenco-bibi-caio.jpg","jetpack_sharing_enabled":true,"jetpack_likes_enabled":true,"_links":{"self":[{"href":"https:\/\/www.redenoticia.com.br\/noticia\/wp-json\/wp\/v2\/posts\/198248","targetHints":{"allow":["GET"]}}],"collection":[{"href":"https:\/\/www.redenoticia.com.br\/noticia\/wp-json\/wp\/v2\/posts"}],"about":[{"href":"https:\/\/www.redenoticia.com.br\/noticia\/wp-json\/wp\/v2\/types\/post"}],"author":[{"embeddable":true,"href":"https:\/\/www.redenoticia.com.br\/noticia\/wp-json\/wp\/v2\/users\/2"}],"replies":[{"embeddable":true,"href":"https:\/\/www.redenoticia.com.br\/noticia\/wp-json\/wp\/v2\/comments?post=198248"}],"version-history":[{"count":0,"href":"https:\/\/www.redenoticia.com.br\/noticia\/wp-json\/wp\/v2\/posts\/198248\/revisions"}],"wp:featuredmedia":[{"embeddable":true,"href":"https:\/\/www.redenoticia.com.br\/noticia\/wp-json\/wp\/v2\/media\/198238"}],"wp:attachment":[{"href":"https:\/\/www.redenoticia.com.br\/noticia\/wp-json\/wp\/v2\/media?parent=198248"}],"wp:term":[{"taxonomy":"category","embeddable":true,"href":"https:\/\/www.redenoticia.com.br\/noticia\/wp-json\/wp\/v2\/categories?post=198248"},{"taxonomy":"post_tag","embeddable":true,"href":"https:\/\/www.redenoticia.com.br\/noticia\/wp-json\/wp\/v2\/tags?post=198248"}],"curies":[{"name":"wp","href":"https:\/\/api.w.org\/{rel}","templated":true}]}}