{"id":19769,"date":"2009-12-10T17:18:13","date_gmt":"2009-12-10T21:18:13","guid":{"rendered":"http:\/\/www.redenoticia.com.br\/noticia\/?p=19769"},"modified":"2009-12-10T17:18:13","modified_gmt":"2009-12-10T21:18:13","slug":"industria-cresceu-29-e-investimento-65-entre-julho-e-setembro","status":"publish","type":"post","link":"https:\/\/www.redenoticia.com.br\/noticia\/2009\/industria-cresceu-29-e-investimento-65-entre-julho-e-setembro\/19769","title":{"rendered":"Ind\u00fastria cresceu 2,9% e investimento 6,5% entre julho e setembro"},"content":{"rendered":"<p>O <strong><em>ministro da Fazenda<\/em><\/strong>, <strong><em>Guido Mantega<\/em><\/strong>, disse nesta quinta-feira que o crescimento de 1,3% do <strong><em>PIB<\/em><\/strong> (Produto Interno Bruto) no terceiro trimestre de 2009, divulgado pelo IBGE, confirma que o Pa\u00eds saiu da crise. Ele destacou como fatores positivos a forte recupera\u00e7\u00e3o da ind\u00fastria brasileira (+ 2,9%) e o aumento da Forma\u00e7\u00e3o Bruta de Capital Fixo (FBCF), que registrou incremento de 6,5% no terceiro trimestre de 2009 na compara\u00e7\u00e3o igual per\u00edodo do ano passado.\u00a0<\/p>\n<p>\u201cO aumento da forma\u00e7\u00e3o bruta de capital \u00e9 muito expressivo e demonstra forte recupera\u00e7\u00e3o dos investimentos, o que \u00e9 muito importante para a qualidade do crescimento. J\u00e1 a recupera\u00e7\u00e3o da ind\u00fastria \u00e9 relevante porque o setor \u00e9 grande gerador de emprego, de valor agregado e tecnologia\u201d, comentou Mantega.<\/p>\n<p>Por outro lado, o ministro enfatizou que a agricultura puxou o resultado para baixo. Mas ponderou que isso aconteceu porque o agroneg\u00f3cio registrou safra recorde no ano passado, sendo normal que no ano seguinte o resultado seja inferior. \u201cEsse ano foi bom para a agricultura, mas quando se compara com o ano passado ser\u00e1 inferior\u201d.<\/p>\n<p>Guido Mantega destacou ainda o menor crescimento nas despesas de consumo da administra\u00e7\u00e3o p\u00fablica, que foi 0,5% abaixo do PIB do terceiro trimestre. \u201cIsso significa que n\u00e3o procedem as an\u00e1lises de que o governo est\u00e1 gastando muito. Estamos reduzindo as despesas de custeio e muitos minist\u00e9rios v\u00e3o confirmar isso\u201d.<\/p>\n<p>Par\u00e2metros \u2013 Antes de comentar o resultado de julho a setembro deste ano, o ministro Mantega lembrou que em 2007, o IBGE alterou seus par\u00e2metros de aferi\u00e7\u00e3o do PIB. Naquele ano, explicou, o instituto verificou que o peso do setor de servi\u00e7os teve um peso maior que o setor agr\u00edcola. \u201cCom essa mudan\u00e7a, o IBGE mudou o PIB de 2007 de 5,7% para 6,1%\u201d, recordou.<\/p>\n<p>Mantega esclareceu que essa altera\u00e7\u00e3o de par\u00e2metros est\u00e1 na base da mudan\u00e7a do quarto trimestre de 2008, que mudou de &#8211; 3,4% para &#8211; 2,9%. A nova metodologia melhorou tamb\u00e9m a situa\u00e7\u00e3o do \u00faltimo trimestre do ano passado e do primeiro trimestre deste ano que era &#8211; 1% e caiu para \u2013 0,9%, explicou.\u00a0<br \/>\nEm compensa\u00e7\u00e3o, complementou o ministro, o crescimento foi menos forte nos segundo e terceiro trimestres. \u201cA gente tem que entender porque isso est\u00e1 encadeado. Quando voc\u00ea muda uma base de compara\u00e7\u00e3o voc\u00ea muda o resultado do trimestre\u201d.<\/p>\n<p>Em resumo, segundo Mantega, o IBGE est\u00e1 dizendo que a recess\u00e3o e a queda do n\u00edvel de atividade foi menos forte na crise, ou seja, no final do ano passado e no primeiro trimestre deste ano foi menos forte a recess\u00e3o e a recupera\u00e7\u00e3o tamb\u00e9m foi menos forte. \u201cCaiu menos e cresceu menos, \u00e9 isso que mostram os n\u00fameros do IBGE\u201d.\u00a0<\/p>\n<p>Para 2010, o ministro mant\u00e9m a previs\u00e3o de crescimento do PIB em 5% e ainda aposta em resultado positivo para este ano.<\/p>\n","protected":false},"excerpt":{"rendered":"<p>O ministro da Fazenda, Guido Mantega, disse nesta quinta-feira que o crescimento de 1,3% do PIB (Produto Interno Bruto) no terceiro trimestre de 2009, divulgado pelo IBGE, confirma que o Pa\u00eds saiu da crise. Ele destacou como fatores positivos a forte recupera\u00e7\u00e3o da ind\u00fastria brasileira (+ 2,9%) e o aumento da Forma\u00e7\u00e3o Bruta de Capital [&hellip;]<\/p>\n","protected":false},"author":3,"featured_media":0,"comment_status":"open","ping_status":"open","sticky":false,"template":"","format":"standard","meta":{"_genesis_hide_title":false,"_genesis_hide_breadcrumbs":false,"_genesis_hide_singular_image":false,"_genesis_hide_footer_widgets":false,"_genesis_custom_body_class":"","_genesis_custom_post_class":"","_genesis_layout":"","_jetpack_memberships_contains_paid_content":false,"footnotes":""},"categories":[22,7],"tags":[],"class_list":{"0":"post-19769","1":"post","2":"type-post","3":"status-publish","4":"format-standard","6":"category-brasil","7":"category-economia","8":"entry","9":"gs-1","10":"gs-odd","11":"gs-even","12":"gs-featured-content-entry"},"jetpack_featured_media_url":"","jetpack_sharing_enabled":true,"jetpack_likes_enabled":true,"_links":{"self":[{"href":"https:\/\/www.redenoticia.com.br\/noticia\/wp-json\/wp\/v2\/posts\/19769","targetHints":{"allow":["GET"]}}],"collection":[{"href":"https:\/\/www.redenoticia.com.br\/noticia\/wp-json\/wp\/v2\/posts"}],"about":[{"href":"https:\/\/www.redenoticia.com.br\/noticia\/wp-json\/wp\/v2\/types\/post"}],"author":[{"embeddable":true,"href":"https:\/\/www.redenoticia.com.br\/noticia\/wp-json\/wp\/v2\/users\/3"}],"replies":[{"embeddable":true,"href":"https:\/\/www.redenoticia.com.br\/noticia\/wp-json\/wp\/v2\/comments?post=19769"}],"version-history":[{"count":0,"href":"https:\/\/www.redenoticia.com.br\/noticia\/wp-json\/wp\/v2\/posts\/19769\/revisions"}],"wp:attachment":[{"href":"https:\/\/www.redenoticia.com.br\/noticia\/wp-json\/wp\/v2\/media?parent=19769"}],"wp:term":[{"taxonomy":"category","embeddable":true,"href":"https:\/\/www.redenoticia.com.br\/noticia\/wp-json\/wp\/v2\/categories?post=19769"},{"taxonomy":"post_tag","embeddable":true,"href":"https:\/\/www.redenoticia.com.br\/noticia\/wp-json\/wp\/v2\/tags?post=19769"}],"curies":[{"name":"wp","href":"https:\/\/api.w.org\/{rel}","templated":true}]}}