{"id":196954,"date":"2020-08-18T12:19:31","date_gmt":"2020-08-18T15:19:31","guid":{"rendered":"https:\/\/www.redenoticia.com.br\/noticia\/?p=196954"},"modified":"2020-08-18T12:19:31","modified_gmt":"2020-08-18T15:19:31","slug":"resumo-novela-o-que-a-vida-me-roubou-19-08-pedro-medina-dispensa-amelia","status":"publish","type":"post","link":"https:\/\/www.redenoticia.com.br\/noticia\/2020\/resumo-novela-o-que-a-vida-me-roubou-19-08-pedro-medina-dispensa-amelia\/196954","title":{"rendered":"Resumo novela \u201cO Que A Vida Me Roubou\u201d 19\/08:  Pedro Medina dispensa Am\u00e9lia"},"content":{"rendered":"<p><img loading=\"lazy\" decoding=\"async\" class=\"aligncenter size-full wp-image-191122\" src=\"https:\/\/www.redenoticia.com.br\/noticia\/imagens\/o-que-a-vida-me-roubou-elenco.jpg\" alt=\"\" width=\"693\" height=\"576\" srcset=\"https:\/\/www.redenoticia.com.br\/noticia\/imagens\/o-que-a-vida-me-roubou-elenco.jpg 693w, https:\/\/www.redenoticia.com.br\/noticia\/imagens\/o-que-a-vida-me-roubou-elenco-225x187.jpg 225w, https:\/\/www.redenoticia.com.br\/noticia\/imagens\/o-que-a-vida-me-roubou-elenco-361x300.jpg 361w, https:\/\/www.redenoticia.com.br\/noticia\/imagens\/o-que-a-vida-me-roubou-elenco-168x140.jpg 168w, https:\/\/www.redenoticia.com.br\/noticia\/imagens\/o-que-a-vida-me-roubou-elenco-102x85.jpg 102w\" sizes=\"auto, (max-width: 693px) 100vw, 693px\" \/><\/p>\n<p><strong><em>Resumo da novela \u201cO Que A Vida Me Roubou\u201d<\/em><\/strong> em 19\/08: no cap\u00edtulo 088(*) da novela, quarta-feira, 19 de agosto, Montserrat confessa a Jos\u00e9 Lu\u00eds que est\u00e1 com o mesmo vestido de quando se casou com Alessandro, pois Fab\u00edola, em um ato de loucura, estragou seu vestido novo. Alessandro n\u00e3o aceita perder Montserrat. Ele escreve um bilhete pedindo que se vejam no mesmo local onde se conheceram, por\u00e9m se ela decidir ficar com Jos\u00e9 Lu\u00eds ele entender\u00e1 e respeitar\u00e1 a escolha. Mas ele quer que ela diga isso olhando nos olhos dele. Renato e Esmeralda se lembram do dia em que se casaram e de todos os detalhes maravilhosos que tiveram nesta data t\u00e3o especial. Esmeralda aproveita para jogar na cara de Renato que ele n\u00e3o aceitou sua profiss\u00e3o e que ela sente como se no fundo ele tivesse vergonha dela.<\/p>\n<p>Josefina l\u00ea o bilhete de Alessandro e sai a seu encontro. Ele se surpreende e pergunta por Montserrat. Fab\u00edola, muito violenta, segue mantendo Graziela presa em sua casa. Pedro Medina agradece a Am\u00e9lia pelos anos dedicados a ele, mas diz que N\u00e1dia n\u00e3o est\u00e1 morta, e ela segue sendo a senhora Medina. Am\u00e9lia diz que imaginou que isso pudesse acontecer, mas n\u00e3o que ele seria t\u00e3o grosso e descort\u00eas. Ele pede que ela tire todas suas coisas de sua casa e n\u00e3o volte mais l\u00e1. Jos\u00e9 Lu\u00eds, muito zangado, pede a todos os convidados de sua festa que se retirem, pois a festa est\u00e1 encerrada. Carlota fica arrasada com a situa\u00e7\u00e3o e a postura de Jos\u00e9 Lu\u00eds.<\/p>\n<p>(*) edi\u00e7\u00e3o das novelas do SBT, \u201cO Que A Vida Me Roubou\u201d, sujeito a altera\u00e7\u00e3o de data e conte\u00fado.<\/p>\n<p>Novela \u201cO Que A Vida Me Roubou\u201d: A hist\u00f3ria se passa em \u00c1gua Azul, onde Montserrat vive. Montserrat \u00e9 uma bela jovem socialite que sempre foi dominada por sua m\u00e3e Graziela, cuja \u00fanica preocupa\u00e7\u00e3o \u00e9 o seu elevado estatuto na sociedade, mesmo que a fam\u00edlia esteja financeiramente arruinada. Montserrat, apesar de fazer tudo o que sua m\u00e3e diz-lhe, secretamente mant\u00e9m um relacionamento com Jos\u00e9 Luis da marinha, com quem planeja se casar.<\/p>\n","protected":false},"excerpt":{"rendered":"<p>Resumo da novela \u201cO Que A Vida Me Roubou\u201d em 19\/08: no cap\u00edtulo 088(*) da novela, quarta-feira, 19 de agosto, Montserrat confessa a Jos\u00e9 Lu\u00eds que est\u00e1 com o mesmo vestido de quando se casou com Alessandro, pois Fab\u00edola, em um ato de loucura, estragou seu vestido novo. Alessandro n\u00e3o aceita perder Montserrat. Ele escreve [&hellip;]<\/p>\n","protected":false},"author":4,"featured_media":191123,"comment_status":"closed","ping_status":"closed","sticky":false,"template":"","format":"standard","meta":{"_genesis_hide_title":false,"_genesis_hide_breadcrumbs":false,"_genesis_hide_singular_image":false,"_genesis_hide_footer_widgets":false,"_genesis_custom_body_class":"","_genesis_custom_post_class":"","_genesis_layout":"","_jetpack_memberships_contains_paid_content":false,"footnotes":""},"categories":[379,372,343],"tags":[441],"class_list":{"0":"post-196954","1":"post","2":"type-post","3":"status-publish","4":"format-standard","5":"has-post-thumbnail","7":"category-novelas","8":"category-sbt","9":"category-televisao","10":"tag-resumo-do-dia","11":"entry","12":"gs-1","13":"gs-odd","14":"gs-even","15":"gs-featured-content-entry"},"jetpack_featured_media_url":"https:\/\/www.redenoticia.com.br\/noticia\/imagens\/o-que-a-vida-me-roubou-sbt.jpg","jetpack_sharing_enabled":true,"jetpack_likes_enabled":true,"_links":{"self":[{"href":"https:\/\/www.redenoticia.com.br\/noticia\/wp-json\/wp\/v2\/posts\/196954","targetHints":{"allow":["GET"]}}],"collection":[{"href":"https:\/\/www.redenoticia.com.br\/noticia\/wp-json\/wp\/v2\/posts"}],"about":[{"href":"https:\/\/www.redenoticia.com.br\/noticia\/wp-json\/wp\/v2\/types\/post"}],"author":[{"embeddable":true,"href":"https:\/\/www.redenoticia.com.br\/noticia\/wp-json\/wp\/v2\/users\/4"}],"replies":[{"embeddable":true,"href":"https:\/\/www.redenoticia.com.br\/noticia\/wp-json\/wp\/v2\/comments?post=196954"}],"version-history":[{"count":0,"href":"https:\/\/www.redenoticia.com.br\/noticia\/wp-json\/wp\/v2\/posts\/196954\/revisions"}],"wp:featuredmedia":[{"embeddable":true,"href":"https:\/\/www.redenoticia.com.br\/noticia\/wp-json\/wp\/v2\/media\/191123"}],"wp:attachment":[{"href":"https:\/\/www.redenoticia.com.br\/noticia\/wp-json\/wp\/v2\/media?parent=196954"}],"wp:term":[{"taxonomy":"category","embeddable":true,"href":"https:\/\/www.redenoticia.com.br\/noticia\/wp-json\/wp\/v2\/categories?post=196954"},{"taxonomy":"post_tag","embeddable":true,"href":"https:\/\/www.redenoticia.com.br\/noticia\/wp-json\/wp\/v2\/tags?post=196954"}],"curies":[{"name":"wp","href":"https:\/\/api.w.org\/{rel}","templated":true}]}}