{"id":196671,"date":"2020-08-11T13:02:30","date_gmt":"2020-08-11T16:02:30","guid":{"rendered":"https:\/\/www.redenoticia.com.br\/noticia\/?p=196671"},"modified":"2020-08-11T13:19:34","modified_gmt":"2020-08-11T16:19:34","slug":"resumo-novela-malhacao-12-08-doris-suspende-tato-e-k2-por-mau-comportamento","status":"publish","type":"post","link":"https:\/\/www.redenoticia.com.br\/noticia\/2020\/resumo-novela-malhacao-12-08-doris-suspende-tato-e-k2-por-mau-comportamento\/196671","title":{"rendered":"Resumo novela \u201cMalha\u00e7\u00e3o\u201d 12\/08: Keyla se sente confusa em rela\u00e7\u00e3o a Tato"},"content":{"rendered":"<p><img loading=\"lazy\" decoding=\"async\" class=\"aligncenter size-full wp-image-190255\" src=\"https:\/\/www.redenoticia.com.br\/noticia\/imagens\/malhacao-viva-diferenca-reprise.jpg\" alt=\"\" width=\"525\" height=\"525\" srcset=\"https:\/\/www.redenoticia.com.br\/noticia\/imagens\/malhacao-viva-diferenca-reprise.jpg 525w, https:\/\/www.redenoticia.com.br\/noticia\/imagens\/malhacao-viva-diferenca-reprise-187x187.jpg 187w, https:\/\/www.redenoticia.com.br\/noticia\/imagens\/malhacao-viva-diferenca-reprise-300x300.jpg 300w, https:\/\/www.redenoticia.com.br\/noticia\/imagens\/malhacao-viva-diferenca-reprise-150x150.jpg 150w, https:\/\/www.redenoticia.com.br\/noticia\/imagens\/malhacao-viva-diferenca-reprise-140x140.jpg 140w, https:\/\/www.redenoticia.com.br\/noticia\/imagens\/malhacao-viva-diferenca-reprise-85x85.jpg 85w\" sizes=\"auto, (max-width: 525px) 100vw, 525px\" \/><\/p>\n<p><em><strong>Resumo novela \u201cMalha\u00e7\u00e3o\u201d Viva a Diferen\u00e7a 12\/08<\/strong><\/em>: no cap\u00edtulo 092(*) da novela, quarta-feira, 12 de agosto, B\u00f3ris diz a D\u00f3ris que falar\u00e1 com Ana Maria, a psic\u00f3loga da escola, sobre o caso de Lica. Todos sentem a falta de Tato na lanchonete de Roney. D\u00f3ris suspende Tato e K2 por mau comportamento e exige a assinatura das fam\u00edlias dos dois no comunicado. Felipe discute com Lica. Ellen conta para Jota e Juca sobre a oferta de B\u00f3ris.<\/p>\n<p>Tina se incomoda com a proximidade entre Anderson e Samantha. Keyla se sente confusa em rela\u00e7\u00e3o a Tato depois de conversar com Tina. MB e Felipe comp\u00f5em uma m\u00fasica sobre Lica. Malu desconfia da aus\u00eancia de Lica na escola e pede que Clara fique atenta. Ellen incentiva Keyla a pensar mais em si. Tato chega \u00e0 casa de Aldo.<\/p>\n<p>(*) edi\u00e7\u00e3o das novelas da Globo, \u201cMalha\u00e7\u00e3o\u201d Viva a Diferen\u00e7a, sujeito a altera\u00e7\u00e3o de data e conte\u00fado.<\/p>\n<p>\u201cMalha\u00e7\u00e3o\u201d Viva a Diferen\u00e7a &#8211; No vibrante e ca\u00f3tico universo de S\u00e3o Paulo, Keyla (Gabriela Medvedovski), Ben\u00ea (Daphne Bozaski), Tina (Ana Hikari), Lica (Manoela Aliperti) e Ellen (Heslaine Vieira), cinco adolescentes que n\u00e3o se conheciam, se veem presas sozinhas no mesmo vag\u00e3o de metr\u00f4 por obra do acaso durante uma pane em um dia chuvoso. Como se n\u00e3o bastasse a tens\u00e3o natural da situa\u00e7\u00e3o, Keyla entra em trabalho de parto e elas se unem em solidariedade para ajud\u00e1-la no nascimento do beb\u00ea mesmo sem recursos dispon\u00edveis no local, criando um v\u00ednculo de amizade entre cinco garotas com backgrounds e personalidades completamente diferentes.<\/p>\n","protected":false},"excerpt":{"rendered":"<p>Resumo novela \u201cMalha\u00e7\u00e3o\u201d Viva a Diferen\u00e7a 12\/08: no cap\u00edtulo 092(*) da novela, quarta-feira, 12 de agosto, B\u00f3ris diz a D\u00f3ris que falar\u00e1 com Ana Maria, a psic\u00f3loga da escola, sobre o caso de Lica. Todos sentem a falta de Tato na lanchonete de Roney. D\u00f3ris suspende Tato e K2 por mau comportamento e exige a [&hellip;]<\/p>\n","protected":false},"author":4,"featured_media":195127,"comment_status":"closed","ping_status":"closed","sticky":false,"template":"","format":"standard","meta":{"_genesis_hide_title":false,"_genesis_hide_breadcrumbs":false,"_genesis_hide_singular_image":false,"_genesis_hide_footer_widgets":false,"_genesis_custom_body_class":"","_genesis_custom_post_class":"","_genesis_layout":"","_jetpack_memberships_contains_paid_content":false,"footnotes":""},"categories":[447,379,375,2025,343],"tags":[441],"class_list":{"0":"post-196671","1":"post","2":"type-post","3":"status-publish","4":"format-standard","5":"has-post-thumbnail","7":"category-malhacao","8":"category-novelas","9":"category-rede-globo","10":"category-resumo","11":"category-televisao","12":"tag-resumo-do-dia","13":"entry","14":"gs-1","15":"gs-odd","16":"gs-even","17":"gs-featured-content-entry"},"jetpack_featured_media_url":"https:\/\/www.redenoticia.com.br\/noticia\/imagens\/resumo-malhacao-novela-da-globo.jpg","jetpack_sharing_enabled":true,"jetpack_likes_enabled":true,"_links":{"self":[{"href":"https:\/\/www.redenoticia.com.br\/noticia\/wp-json\/wp\/v2\/posts\/196671","targetHints":{"allow":["GET"]}}],"collection":[{"href":"https:\/\/www.redenoticia.com.br\/noticia\/wp-json\/wp\/v2\/posts"}],"about":[{"href":"https:\/\/www.redenoticia.com.br\/noticia\/wp-json\/wp\/v2\/types\/post"}],"author":[{"embeddable":true,"href":"https:\/\/www.redenoticia.com.br\/noticia\/wp-json\/wp\/v2\/users\/4"}],"replies":[{"embeddable":true,"href":"https:\/\/www.redenoticia.com.br\/noticia\/wp-json\/wp\/v2\/comments?post=196671"}],"version-history":[{"count":0,"href":"https:\/\/www.redenoticia.com.br\/noticia\/wp-json\/wp\/v2\/posts\/196671\/revisions"}],"wp:featuredmedia":[{"embeddable":true,"href":"https:\/\/www.redenoticia.com.br\/noticia\/wp-json\/wp\/v2\/media\/195127"}],"wp:attachment":[{"href":"https:\/\/www.redenoticia.com.br\/noticia\/wp-json\/wp\/v2\/media?parent=196671"}],"wp:term":[{"taxonomy":"category","embeddable":true,"href":"https:\/\/www.redenoticia.com.br\/noticia\/wp-json\/wp\/v2\/categories?post=196671"},{"taxonomy":"post_tag","embeddable":true,"href":"https:\/\/www.redenoticia.com.br\/noticia\/wp-json\/wp\/v2\/tags?post=196671"}],"curies":[{"name":"wp","href":"https:\/\/api.w.org\/{rel}","templated":true}]}}