{"id":196354,"date":"2020-08-04T12:09:27","date_gmt":"2020-08-04T15:09:27","guid":{"rendered":"https:\/\/www.redenoticia.com.br\/noticia\/?p=196354"},"modified":"2020-08-04T12:09:27","modified_gmt":"2020-08-04T15:09:27","slug":"resumo-novela-quando-me-apaixono-05-08-renata-questiona-seu-relacionamento-com-matias","status":"publish","type":"post","link":"https:\/\/www.redenoticia.com.br\/noticia\/2020\/resumo-novela-quando-me-apaixono-05-08-renata-questiona-seu-relacionamento-com-matias\/196354","title":{"rendered":"Resumo novela \u201cQuando me Apaixono \u201d 05\/08: Renata questiona seu relacionamento com Matias"},"content":{"rendered":"<p><em><strong><img loading=\"lazy\" decoding=\"async\" class=\"aligncenter size-full wp-image-195148\" src=\"https:\/\/www.redenoticia.com.br\/noticia\/imagens\/Resumo-Quando-me-Apaixono-capitulos-novela-sbt.jpg\" alt=\"\" width=\"1280\" height=\"720\" srcset=\"https:\/\/www.redenoticia.com.br\/noticia\/imagens\/Resumo-Quando-me-Apaixono-capitulos-novela-sbt.jpg 1280w, https:\/\/www.redenoticia.com.br\/noticia\/imagens\/Resumo-Quando-me-Apaixono-capitulos-novela-sbt-250x140.jpg 250w, https:\/\/www.redenoticia.com.br\/noticia\/imagens\/Resumo-Quando-me-Apaixono-capitulos-novela-sbt-400x225.jpg 400w, https:\/\/www.redenoticia.com.br\/noticia\/imagens\/Resumo-Quando-me-Apaixono-capitulos-novela-sbt-768x432.jpg 768w, https:\/\/www.redenoticia.com.br\/noticia\/imagens\/Resumo-Quando-me-Apaixono-capitulos-novela-sbt-150x85.jpg 150w, https:\/\/www.redenoticia.com.br\/noticia\/imagens\/Resumo-Quando-me-Apaixono-capitulos-novela-sbt-696x392.jpg 696w, https:\/\/www.redenoticia.com.br\/noticia\/imagens\/Resumo-Quando-me-Apaixono-capitulos-novela-sbt-1068x601.jpg 1068w\" sizes=\"auto, (max-width: 1280px) 100vw, 1280px\" \/><\/p>\n<p>Resumo novela \u201cQuando me Apaixono \u201d 05\/08<\/strong><\/em>: no cap\u00edtulo 013(*) da novela, quarta-feira, 05 de agosto, embora n\u00e3o se vejam constantemente, o sentimento entre Renata e Jer\u00f4nimo continua a crescer. Jer\u00f4nimo Linares sonha com Renata. Renata enfrenta a mesma situa\u00e7\u00e3o que ele e imagina beijando-o.<\/p>\n<p>Portanto, Renata questiona seu relacionamento com Matias e acredita que o amor que sente por ele n\u00e3o \u00e9 forte o suficiente para continuar o relacionamento, apesar do fato de que eles v\u00e3o morar juntos em um apartamento. Enquanto isso, Roberta continua com seu plano de seduzir Jer\u00f4nimo, mas fica muito chateada ao saber que Linares n\u00e3o \u00e9 t\u00e3o milion\u00e1rio quanto ela pensava.<\/p>\n<p>(*) edi\u00e7\u00e3o das novelas do SBT, \u201cQuando me Apaixono \u201d, sujeito a altera\u00e7\u00e3o de data e conte\u00fado.<\/p>\n<p>Sinopse \u201cQuando me Apaixono\u201d: A hist\u00f3ria come\u00e7a com o nascimento de duas meninas, Regina e Roberta; ambas s\u00e3o filhas de Roberto Gamba (Sebasti\u00e1n Rulli), mas de m\u00e3es diferentes. Enquanto Regina \u00e9 filha de Regina Sober\u00f3n Gamba (Lidia \u00c1vila\/Julieta Rosen), a esposa leg\u00edtima de Roberto, Roberta \u00e9 filha de Josefina &#8220;Pepa&#8221; \u00c1lvarez Mart\u00ednez (Margarita Maga\u00f1a\/Roc\u00edo Banquells), a amante de Roberto.<\/p>\n<p>Quando Roberto diz a Pepa que n\u00e3o vai deixar sua esposa e sua filha Regina, aquela, cheia de raiva depois de causar a morte de Roberto, decide raptar a filha de Regina para se vingar dela e faz\u00ea-la sofrer. Pepa muda o nome de Regina para Renata e foge com as duas meninas, deixando Regina despeda\u00e7ada pela perda de sua filha.<\/p>\n","protected":false},"excerpt":{"rendered":"<p>Resumo novela \u201cQuando me Apaixono \u201d 05\/08: no cap\u00edtulo 013(*) da novela, quarta-feira, 05 de agosto, embora n\u00e3o se vejam constantemente, o sentimento entre Renata e Jer\u00f4nimo continua a crescer. Jer\u00f4nimo Linares sonha com Renata. Renata enfrenta a mesma situa\u00e7\u00e3o que ele e imagina beijando-o. Portanto, Renata questiona seu relacionamento com Matias e acredita que [&hellip;]<\/p>\n","protected":false},"author":4,"featured_media":195893,"comment_status":"closed","ping_status":"closed","sticky":false,"template":"","format":"standard","meta":{"_genesis_hide_title":false,"_genesis_hide_breadcrumbs":false,"_genesis_hide_singular_image":false,"_genesis_hide_footer_widgets":false,"_genesis_custom_body_class":"","_genesis_custom_post_class":"","_genesis_layout":"","_jetpack_memberships_contains_paid_content":false,"footnotes":""},"categories":[379,2028,372,343],"tags":[441],"class_list":{"0":"post-196354","1":"post","2":"type-post","3":"status-publish","4":"format-standard","5":"has-post-thumbnail","7":"category-novelas","8":"category-quando-me-apaixono","9":"category-sbt","10":"category-televisao","11":"tag-resumo-do-dia","12":"entry","13":"gs-1","14":"gs-odd","15":"gs-even","16":"gs-featured-content-entry"},"jetpack_featured_media_url":"https:\/\/www.redenoticia.com.br\/noticia\/imagens\/Quando-me-Apaixono-resumo-novela.jpg","jetpack_sharing_enabled":true,"jetpack_likes_enabled":true,"_links":{"self":[{"href":"https:\/\/www.redenoticia.com.br\/noticia\/wp-json\/wp\/v2\/posts\/196354","targetHints":{"allow":["GET"]}}],"collection":[{"href":"https:\/\/www.redenoticia.com.br\/noticia\/wp-json\/wp\/v2\/posts"}],"about":[{"href":"https:\/\/www.redenoticia.com.br\/noticia\/wp-json\/wp\/v2\/types\/post"}],"author":[{"embeddable":true,"href":"https:\/\/www.redenoticia.com.br\/noticia\/wp-json\/wp\/v2\/users\/4"}],"replies":[{"embeddable":true,"href":"https:\/\/www.redenoticia.com.br\/noticia\/wp-json\/wp\/v2\/comments?post=196354"}],"version-history":[{"count":0,"href":"https:\/\/www.redenoticia.com.br\/noticia\/wp-json\/wp\/v2\/posts\/196354\/revisions"}],"wp:featuredmedia":[{"embeddable":true,"href":"https:\/\/www.redenoticia.com.br\/noticia\/wp-json\/wp\/v2\/media\/195893"}],"wp:attachment":[{"href":"https:\/\/www.redenoticia.com.br\/noticia\/wp-json\/wp\/v2\/media?parent=196354"}],"wp:term":[{"taxonomy":"category","embeddable":true,"href":"https:\/\/www.redenoticia.com.br\/noticia\/wp-json\/wp\/v2\/categories?post=196354"},{"taxonomy":"post_tag","embeddable":true,"href":"https:\/\/www.redenoticia.com.br\/noticia\/wp-json\/wp\/v2\/tags?post=196354"}],"curies":[{"name":"wp","href":"https:\/\/api.w.org\/{rel}","templated":true}]}}