{"id":195072,"date":"2021-07-29T01:22:51","date_gmt":"2021-07-29T04:22:51","guid":{"rendered":"https:\/\/www.redenoticia.com.br\/noticia\/?p=195072"},"modified":"2021-07-29T14:39:41","modified_gmt":"2021-07-29T17:39:41","slug":"o-que-voce-deve-considerar-se-for-dirigir-na-chuva","status":"publish","type":"post","link":"https:\/\/www.redenoticia.com.br\/noticia\/2021\/o-que-voce-deve-considerar-se-for-dirigir-na-chuva\/195072","title":{"rendered":"O que voc\u00ea deve considerar se for dirigir na chuva"},"content":{"rendered":"<p><img loading=\"lazy\" decoding=\"async\" class=\"aligncenter size-full wp-image-148090\" src=\"https:\/\/www.redenoticia.com.br\/noticia\/imagens\/transito-2.jpg\" alt=\"\" width=\"510\" height=\"340\" srcset=\"https:\/\/www.redenoticia.com.br\/noticia\/imagens\/transito-2.jpg 510w, https:\/\/www.redenoticia.com.br\/noticia\/imagens\/transito-2-250x167.jpg 250w, https:\/\/www.redenoticia.com.br\/noticia\/imagens\/transito-2-400x267.jpg 400w, https:\/\/www.redenoticia.com.br\/noticia\/imagens\/transito-2-150x100.jpg 150w\" sizes=\"auto, (max-width: 510px) 100vw, 510px\" \/><\/p>\n<p>Com chuva, os acidentes de tr\u00e2nsito aumentam porque as estradas ficam mais escorregadias e os ve\u00edculos demoram mais a frear, e \u00e9 por isso que a Seguran\u00e7a Rodovi\u00e1ria requer a\u00e7\u00f5es para tornar as futuras viagens mais tranquilas. O que voc\u00ea deve considerar se for dirigir na chuva&#8230;<\/p>\n<p>Antes de dar partida no ve\u00edculo, verifique o fluido de freio e verifique se os pneus n\u00e3o est\u00e3o lisos. Um aro suave reduz a ader\u00eancia efetiva e \u00e9 um risco.<\/p>\n<p>Verifique se o limpador de para-brisa tem l\u00edquido suficiente e se suas palhetas n\u00e3o est\u00e3o gastas. Lembre-se de que chuva, nevoeiro ou granizo reduzem consideravelmente a visibilidade.<\/p>\n<p>Verifique se todas as luzes externas do ve\u00edculo est\u00e3o acesas, limpas e funcionando perfeitamente. Quando chove, \u00e9 importante estar vis\u00edvel para outros motoristas, mas deve-se ter em mente que o uso indevido de far\u00f3is altos pode levar \u00e0 falta de vis\u00e3o de outras pessoas e, portanto, causar acidentes.<\/p>\n<p>Reduza a velocidade e aumente a dist\u00e2ncia de frenagem.<\/p>\n<p>N\u00e3o execute manobras perigosas ou movimentos bruscos com o volante.<\/p>\n<p>Evite dirigir em estradas lamacentas, c\u00f3rregos ou estradas inundadas &#8211; o ve\u00edculo pode perder a estabilidade e a ader\u00eancia.<\/p>\n<p>Respeite os sinais de tr\u00e2nsito.<\/p>\n<p>Caso voc\u00ea precise parar na estrada devido a uma avaria ou outra circunst\u00e2ncia, acenda as luzes estacion\u00e1rias.<\/p>\n<p>Evitar acidente \u00e9 obriga\u00e7\u00e3o de todos os motoristas.<\/p>\n","protected":false},"excerpt":{"rendered":"<p>Com chuva, os acidentes de tr\u00e2nsito aumentam porque as estradas ficam mais escorregadias e os ve\u00edculos demoram mais a frear, e \u00e9 por isso que a Seguran\u00e7a Rodovi\u00e1ria requer a\u00e7\u00f5es para tornar as futuras viagens mais tranquilas. O que voc\u00ea deve considerar se for dirigir na chuva&#8230; Antes de dar partida no ve\u00edculo, verifique o [&hellip;]<\/p>\n","protected":false},"author":2,"featured_media":148091,"comment_status":"closed","ping_status":"closed","sticky":false,"template":"","format":"standard","meta":{"_genesis_hide_title":false,"_genesis_hide_breadcrumbs":false,"_genesis_hide_singular_image":false,"_genesis_hide_footer_widgets":false,"_genesis_custom_body_class":"","_genesis_custom_post_class":"","_genesis_layout":"","_jetpack_memberships_contains_paid_content":false,"footnotes":""},"categories":[22],"tags":[523],"class_list":{"0":"post-195072","1":"post","2":"type-post","3":"status-publish","4":"format-standard","5":"has-post-thumbnail","7":"category-brasil","8":"tag-variedades","9":"entry","10":"gs-1","11":"gs-odd","12":"gs-even","13":"gs-featured-content-entry"},"jetpack_featured_media_url":"https:\/\/www.redenoticia.com.br\/noticia\/imagens\/transito-1.jpg","jetpack_sharing_enabled":true,"jetpack_likes_enabled":true,"_links":{"self":[{"href":"https:\/\/www.redenoticia.com.br\/noticia\/wp-json\/wp\/v2\/posts\/195072","targetHints":{"allow":["GET"]}}],"collection":[{"href":"https:\/\/www.redenoticia.com.br\/noticia\/wp-json\/wp\/v2\/posts"}],"about":[{"href":"https:\/\/www.redenoticia.com.br\/noticia\/wp-json\/wp\/v2\/types\/post"}],"author":[{"embeddable":true,"href":"https:\/\/www.redenoticia.com.br\/noticia\/wp-json\/wp\/v2\/users\/2"}],"replies":[{"embeddable":true,"href":"https:\/\/www.redenoticia.com.br\/noticia\/wp-json\/wp\/v2\/comments?post=195072"}],"version-history":[{"count":0,"href":"https:\/\/www.redenoticia.com.br\/noticia\/wp-json\/wp\/v2\/posts\/195072\/revisions"}],"wp:featuredmedia":[{"embeddable":true,"href":"https:\/\/www.redenoticia.com.br\/noticia\/wp-json\/wp\/v2\/media\/148091"}],"wp:attachment":[{"href":"https:\/\/www.redenoticia.com.br\/noticia\/wp-json\/wp\/v2\/media?parent=195072"}],"wp:term":[{"taxonomy":"category","embeddable":true,"href":"https:\/\/www.redenoticia.com.br\/noticia\/wp-json\/wp\/v2\/categories?post=195072"},{"taxonomy":"post_tag","embeddable":true,"href":"https:\/\/www.redenoticia.com.br\/noticia\/wp-json\/wp\/v2\/tags?post=195072"}],"curies":[{"name":"wp","href":"https:\/\/api.w.org\/{rel}","templated":true}]}}