{"id":194652,"date":"2020-06-23T13:07:43","date_gmt":"2020-06-23T16:07:43","guid":{"rendered":"https:\/\/www.redenoticia.com.br\/noticia\/?p=194652"},"modified":"2020-06-23T13:07:43","modified_gmt":"2020-06-23T16:07:43","slug":"resumo-novela-eta-mundo-bom-24-06-anastacia-e-pancracio-se-beijam","status":"publish","type":"post","link":"https:\/\/www.redenoticia.com.br\/noticia\/2020\/resumo-novela-eta-mundo-bom-24-06-anastacia-e-pancracio-se-beijam\/194652","title":{"rendered":"Resumo novela \u201cEta Mundo Bom\u201d 24\/06: Anast\u00e1cia e Pancr\u00e1cio se beijam"},"content":{"rendered":"<p><img loading=\"lazy\" decoding=\"async\" class=\"aligncenter size-large wp-image-191974\" src=\"https:\/\/www.redenoticia.com.br\/noticia\/imagens\/eta-mundo-bom-personagens-299x300.jpg\" alt=\"\" width=\"299\" height=\"300\" srcset=\"https:\/\/www.redenoticia.com.br\/noticia\/imagens\/eta-mundo-bom-personagens-299x300.jpg 299w, https:\/\/www.redenoticia.com.br\/noticia\/imagens\/eta-mundo-bom-personagens-186x187.jpg 186w, https:\/\/www.redenoticia.com.br\/noticia\/imagens\/eta-mundo-bom-personagens-150x150.jpg 150w, https:\/\/www.redenoticia.com.br\/noticia\/imagens\/eta-mundo-bom-personagens-139x140.jpg 139w, https:\/\/www.redenoticia.com.br\/noticia\/imagens\/eta-mundo-bom-personagens-85x85.jpg 85w, https:\/\/www.redenoticia.com.br\/noticia\/imagens\/eta-mundo-bom-personagens.jpg 506w\" sizes=\"auto, (max-width: 299px) 100vw, 299px\" \/><\/p>\n<p><strong><em>Resumo novela \u201cEta Mundo Bom\u201d 24\/06<\/em><\/strong>: no cap\u00edtulo 043(*) da novela, quarta-feira, 24 de junho, Filomena aceita se unir a Fragoso. Eponina se prepara para o casamento com In\u00e1cio. Candinho n\u00e3o gosta das aulas de boas maneiras de Sandra. Filomena conta a Diana e Clarice que ter\u00e1 de casar com Fragoso no exterior porque ele \u00e9 desquitado. Ol\u00edmpia se muda para a pens\u00e3o de Cam\u00e9lia. Gerusa sente-se mal e desconfia de que Os\u00f3rio e Cam\u00e9lia estejam lhe escondendo algo.<\/p>\n<p>Pancr\u00e1cio visita Candinho. Celso e Maria levam Aninha para a casa de Anast\u00e1cia, que aprova o namoro entre os dois. O casamento de Eponina e In\u00e1cio \u00e9 interrompido por uma mulher que afirma ser esposa do banc\u00e1rio. Anast\u00e1cia cumprimenta Pancr\u00e1cio disfar\u00e7ado de cego e ele vai embora da igreja \u00e0s pressas.<\/p>\n<p>Anast\u00e1cia vai at\u00e9 a casa de Pancr\u00e1cio, que sente ainda mais vergonha ao saber que ela j\u00e1 havia percebido antes que ele se disfar\u00e7a. O Padre diz que n\u00e3o ir\u00e1 casar Eponina e In\u00e1cio. Malfada conforta Eponina. Celso descobre que Sandra arma um novo golpe com Ernesto, que amea\u00e7a os dois. Anast\u00e1cia e Pancr\u00e1cio se beijam.<\/p>\n<p>Fragoso compra vestidos para Filomena na butique de Emma. Tobias finaliza as novas roupas de Candinho e Pirulito. Sandra orienta Ernesto a sequestrar Policarpo e exige que Celso participe de seu plano. Romeu pede para conversar com Mafalda. Cara de C\u00e3o sugere a Ernesto que sequestrem Candinho no lugar do burro Policarpo.<\/p>\n<p>(*) edi\u00e7\u00e3o da Rede Globo, Novela \u201cEta Mundo Bom\u201d, sujeito a altera\u00e7\u00e3o de data e conte\u00fado.<\/p>\n<p>&#8220;Eta Mundo Bom&#8221; \u00e9 ambientada em 1948. A trama conta a hist\u00f3ria de Candinho (S\u00e9rgio Guiz\u00e9), que foi separado da m\u00e3e logo ap\u00f3s seu nascimento e foi acolhido pelo casal Cunegundes (Elizabeth Savalla) e Quinzinho (Ary Fontoura), donos da decadente fazenda Dom Pedro II, perto da cidade fict\u00edcia de Piracema, por volta dos anos 20.<\/p>\n","protected":false},"excerpt":{"rendered":"<p>Resumo novela \u201cEta Mundo Bom\u201d 24\/06: no cap\u00edtulo 043(*) da novela, quarta-feira, 24 de junho, Filomena aceita se unir a Fragoso. Eponina se prepara para o casamento com In\u00e1cio. Candinho n\u00e3o gosta das aulas de boas maneiras de Sandra. Filomena conta a Diana e Clarice que ter\u00e1 de casar com Fragoso no exterior porque ele [&hellip;]<\/p>\n","protected":false},"author":4,"featured_media":191973,"comment_status":"closed","ping_status":"closed","sticky":false,"template":"","format":"standard","meta":{"_genesis_hide_title":false,"_genesis_hide_breadcrumbs":false,"_genesis_hide_singular_image":false,"_genesis_hide_footer_widgets":false,"_genesis_custom_body_class":"","_genesis_custom_post_class":"","_genesis_layout":"","_jetpack_memberships_contains_paid_content":false,"footnotes":""},"categories":[558,379,375,343],"tags":[441],"class_list":{"0":"post-194652","1":"post","2":"type-post","3":"status-publish","4":"format-standard","5":"has-post-thumbnail","7":"category-eta-mundo-bom","8":"category-novelas","9":"category-rede-globo","10":"category-televisao","11":"tag-resumo-do-dia","12":"entry","13":"gs-1","14":"gs-odd","15":"gs-even","16":"gs-featured-content-entry"},"jetpack_featured_media_url":"https:\/\/www.redenoticia.com.br\/noticia\/imagens\/eta-mundo-bom-logo.jpg","jetpack_sharing_enabled":true,"jetpack_likes_enabled":true,"_links":{"self":[{"href":"https:\/\/www.redenoticia.com.br\/noticia\/wp-json\/wp\/v2\/posts\/194652","targetHints":{"allow":["GET"]}}],"collection":[{"href":"https:\/\/www.redenoticia.com.br\/noticia\/wp-json\/wp\/v2\/posts"}],"about":[{"href":"https:\/\/www.redenoticia.com.br\/noticia\/wp-json\/wp\/v2\/types\/post"}],"author":[{"embeddable":true,"href":"https:\/\/www.redenoticia.com.br\/noticia\/wp-json\/wp\/v2\/users\/4"}],"replies":[{"embeddable":true,"href":"https:\/\/www.redenoticia.com.br\/noticia\/wp-json\/wp\/v2\/comments?post=194652"}],"version-history":[{"count":0,"href":"https:\/\/www.redenoticia.com.br\/noticia\/wp-json\/wp\/v2\/posts\/194652\/revisions"}],"wp:featuredmedia":[{"embeddable":true,"href":"https:\/\/www.redenoticia.com.br\/noticia\/wp-json\/wp\/v2\/media\/191973"}],"wp:attachment":[{"href":"https:\/\/www.redenoticia.com.br\/noticia\/wp-json\/wp\/v2\/media?parent=194652"}],"wp:term":[{"taxonomy":"category","embeddable":true,"href":"https:\/\/www.redenoticia.com.br\/noticia\/wp-json\/wp\/v2\/categories?post=194652"},{"taxonomy":"post_tag","embeddable":true,"href":"https:\/\/www.redenoticia.com.br\/noticia\/wp-json\/wp\/v2\/tags?post=194652"}],"curies":[{"name":"wp","href":"https:\/\/api.w.org\/{rel}","templated":true}]}}