{"id":194144,"date":"2020-06-12T14:57:12","date_gmt":"2020-06-12T17:57:12","guid":{"rendered":"https:\/\/www.redenoticia.com.br\/noticia\/?p=194144"},"modified":"2020-06-12T14:57:12","modified_gmt":"2020-06-12T17:57:12","slug":"resumo-novela-totalmente-demais-13-06-lorena-fotografa-carolina-e-germano-juntos","status":"publish","type":"post","link":"https:\/\/www.redenoticia.com.br\/noticia\/2020\/resumo-novela-totalmente-demais-13-06-lorena-fotografa-carolina-e-germano-juntos\/194144","title":{"rendered":"Resumo novela \u201cTotalmente Demais\u201d 13\/06: Lorena fotografa Carolina e Germano juntos"},"content":{"rendered":"<p> <img loading=\"lazy\" decoding=\"async\" class=\"aligncenter size-large wp-image-190258\" src=\"https:\/\/www.redenoticia.com.br\/noticia\/imagens\/totalmente-demais-reprise-343x300.jpg\" alt=\"\" width=\"343\" height=\"300\" srcset=\"https:\/\/www.redenoticia.com.br\/noticia\/imagens\/totalmente-demais-reprise-343x300.jpg 343w, https:\/\/www.redenoticia.com.br\/noticia\/imagens\/totalmente-demais-reprise-214x187.jpg 214w, https:\/\/www.redenoticia.com.br\/noticia\/imagens\/totalmente-demais-reprise-160x140.jpg 160w, https:\/\/www.redenoticia.com.br\/noticia\/imagens\/totalmente-demais-reprise-97x85.jpg 97w, https:\/\/www.redenoticia.com.br\/noticia\/imagens\/totalmente-demais-reprise.jpg 594w\" sizes=\"auto, (max-width: 343px) 100vw, 343px\" \/><\/p>\n<p><em><strong>Resumo novela \u201cTotalmente Demais\u201d 13\/06<\/strong><\/em>: no cap\u00edtulo 066(*) da novela, s\u00e1bado, 13 de junho, Lili sugere que Germano n\u00e3o v\u00e1 ao julgamento de Fabinho. Yasmin avisa a Lorena que Carolina se encontrar\u00e1 com Germano. Arthur conta a Eliza que a doen\u00e7a de Joj\u00f4 era uma farsa. Joj\u00f4 afirma a Eliza que a modelo \u00e9 a \u00fanica pessoa que sente carinho por ela.<\/p>\n<p>Eliza alerta Arthur que Joj\u00f4 precisa de sua prote\u00e7\u00e3o. Mirthes desconfia de que Leila possa estar interessada em Jonatas. Carolina sugere que Germano d\u00ea um anel a Lili, e Lorena fotografa os dois juntos.<\/p>\n<p>(*) edi\u00e7\u00e3o da Rede Globo, Novela \u201cTotalmente Demais\u201d, sujeito a altera\u00e7\u00e3o de data e conte\u00fado.<\/p>\n<p>Sinopse \u201cTotalmente Demais\u201d: Eliza (Marina Ruy Barbosa) \u00e9 uma jovem de 18 anos que foge de casa, em Campo Claro, cidade fict\u00edcia do interior fluminense, ap\u00f3s ser assediada por parte do seu padrasto Dino (Paulo Rocha). Ela n\u00e3o conheceu o pai, e sua m\u00e3e, Gilda (Leona Cavalli), diz que ele era um caminhoneiro que foi embora nas estradas. O sonho dela \u00e9 conhecer esse pai e tirar a fam\u00edlia da situa\u00e7\u00e3o dif\u00edcil em que vivem. A m\u00e3e se casou com o Dino e teve mais dois filhos.<\/p>\n<p>Quando Eliza era crian\u00e7a, se dava bem com Dino, mas depois que cresceu come\u00e7ou a bater muito de frente com o padrasto. Assim que ela chega ao Rio de Janeiro, ela vai para uma pens\u00e3o, mas \u00e9 roubada. Sem op\u00e7\u00e3o, a jovem passa a morar nas ruas, e conhece Jonatas (Felipe Simas), que vende balas nos sem\u00e1foros da Lapa para ajudar sua fam\u00edlia, que vive na zona oeste da capital fluminense.<\/p>\n","protected":false},"excerpt":{"rendered":"<p>Resumo novela \u201cTotalmente Demais\u201d 13\/06: no cap\u00edtulo 066(*) da novela, s\u00e1bado, 13 de junho, Lili sugere que Germano n\u00e3o v\u00e1 ao julgamento de Fabinho. Yasmin avisa a Lorena que Carolina se encontrar\u00e1 com Germano. Arthur conta a Eliza que a doen\u00e7a de Joj\u00f4 era uma farsa. Joj\u00f4 afirma a Eliza que a modelo \u00e9 a [&hellip;]<\/p>\n","protected":false},"author":2,"featured_media":190259,"comment_status":"closed","ping_status":"closed","sticky":false,"template":"","format":"standard","meta":{"_genesis_hide_title":false,"_genesis_hide_breadcrumbs":false,"_genesis_hide_singular_image":false,"_genesis_hide_footer_widgets":false,"_genesis_custom_body_class":"","_genesis_custom_post_class":"","_genesis_layout":"","_jetpack_memberships_contains_paid_content":false,"footnotes":""},"categories":[379,375,343,556],"tags":[441],"class_list":{"0":"post-194144","1":"post","2":"type-post","3":"status-publish","4":"format-standard","5":"has-post-thumbnail","7":"category-novelas","8":"category-rede-globo","9":"category-televisao","10":"category-totalmente-demais","11":"tag-resumo-do-dia","12":"entry","13":"gs-1","14":"gs-odd","15":"gs-even","16":"gs-featured-content-entry"},"jetpack_featured_media_url":"https:\/\/www.redenoticia.com.br\/noticia\/imagens\/totalmente-demais.jpg","jetpack_sharing_enabled":true,"jetpack_likes_enabled":true,"_links":{"self":[{"href":"https:\/\/www.redenoticia.com.br\/noticia\/wp-json\/wp\/v2\/posts\/194144","targetHints":{"allow":["GET"]}}],"collection":[{"href":"https:\/\/www.redenoticia.com.br\/noticia\/wp-json\/wp\/v2\/posts"}],"about":[{"href":"https:\/\/www.redenoticia.com.br\/noticia\/wp-json\/wp\/v2\/types\/post"}],"author":[{"embeddable":true,"href":"https:\/\/www.redenoticia.com.br\/noticia\/wp-json\/wp\/v2\/users\/2"}],"replies":[{"embeddable":true,"href":"https:\/\/www.redenoticia.com.br\/noticia\/wp-json\/wp\/v2\/comments?post=194144"}],"version-history":[{"count":0,"href":"https:\/\/www.redenoticia.com.br\/noticia\/wp-json\/wp\/v2\/posts\/194144\/revisions"}],"wp:featuredmedia":[{"embeddable":true,"href":"https:\/\/www.redenoticia.com.br\/noticia\/wp-json\/wp\/v2\/media\/190259"}],"wp:attachment":[{"href":"https:\/\/www.redenoticia.com.br\/noticia\/wp-json\/wp\/v2\/media?parent=194144"}],"wp:term":[{"taxonomy":"category","embeddable":true,"href":"https:\/\/www.redenoticia.com.br\/noticia\/wp-json\/wp\/v2\/categories?post=194144"},{"taxonomy":"post_tag","embeddable":true,"href":"https:\/\/www.redenoticia.com.br\/noticia\/wp-json\/wp\/v2\/tags?post=194144"}],"curies":[{"name":"wp","href":"https:\/\/api.w.org\/{rel}","templated":true}]}}