{"id":1937,"date":"2009-05-23T23:52:35","date_gmt":"2009-05-24T03:52:35","guid":{"rendered":"http:\/\/www.redenoticia.com.br\/noticia\/?p=1937"},"modified":"2009-05-23T23:52:35","modified_gmt":"2009-05-24T03:52:35","slug":"indios-querem-ser-consultados-sobre-grandes-projetos-no-acre","status":"publish","type":"post","link":"https:\/\/www.redenoticia.com.br\/noticia\/2009\/indios-querem-ser-consultados-sobre-grandes-projetos-no-acre\/1937","title":{"rendered":"\u00cdndios querem ser consultados sobre grandes projetos no Acre"},"content":{"rendered":"<p class=\"MsoNormal\"><span style=\"font-size: 9pt; font-family: Arial;\">Os \u00edndios do Vale do Juru\u00e1, localizado a oeste do estado do Acre, est\u00e3o preocupados com o impacto de obras de infraestrutura na regi\u00e3o. Os \u00edndios temem as consequ\u00eancias ambientais e sociais de obras, como a pavimenta\u00e7\u00e3o da BR 364 e da explora\u00e7\u00e3o no estado e no Peru. Al\u00e9m dos grandes projetos, h\u00e1 preocupa\u00e7\u00e3o com a produ\u00e7\u00e3o de etanol e com o cultivo da monocultura da cana de a\u00e7\u00facar.<\/p>\n<p>De acordo com l\u00edder ind\u00edgena Haru Kontanawa, em entrevista ao programa <em>Amaz\u00f4nia Brasileira<\/em>, da<span> R\u00e1dio Nacional da Amaz\u00f4nia<\/span>, n\u00e3o h\u00e1 oposi\u00e7\u00e3o sistem\u00e1tica \u00e0s iniciativas, apenas as comunidades afetadas querem ser consultadas. \u201cN\u00f3s n\u00e3o somos contra o desenvolvimento do estado. N\u00f3s queremos que o estado cres\u00e7a, mas de maneira respeitosa. Dentro da floresta t\u00eam povos e esses povos t\u00eam direitos tamb\u00e9m\u201d, assinalou.<\/p>\n<p>Na avalia\u00e7\u00e3o de Haru, as obras como da BR 364 j\u00e1 trouxeram impactos, pois atravessam terras ind\u00edgenas ocupadas pelas etnias Katukina, Kaxinaw\u00e1 e Shanenawa. Ele teme que as estradas funcionem como vetor de desmatamento e urbaniza\u00e7\u00e3o. \u201cN\u00e3o tem plano de sustentabilidade para as comunidades\u201d, enfatizou Haru, ao dizer que faltam medidas para evitar o aumento da viol\u00eancia e a transmiss\u00e3o de doen\u00e7as no contato com n\u00e3o \u00edndios.<\/p>\n<p>Segundo o l\u00edder, os \u00edndios n\u00e3o querem morar em cidades. \u201cUma coisa que buscamos \u00e9 a garantia de que vamos viver sempre dentro da floresta, com nossos costumes, nossas tradi\u00e7\u00f5es e com condi\u00e7\u00f5es de viver. N\u00f3s n\u00e3o queremos que os nossos povos venham se urbanizar da maneira como est\u00e1 acontecendo, de forma que n\u00e3o h\u00e1 escolha\u201d, lamentou.<\/p>\n<p>Haru Kontanawa tamb\u00e9m teme que a explora\u00e7\u00e3o de petr\u00f3leo no Acre venha causar danos ambientais e a produ\u00e7\u00e3o de \u00f3leo no Peru possa afetar a qualidade de vida dos \u00edndios brasileiros, que bebem \u00e1gua, se banham e se alimentam com as \u00e1guas do Rio Juru\u00e1, que nasce no pa\u00eds vizinho. \u201cEsse petr\u00f3leo, que vai fazer funcionar os carros, vai tamb\u00e9m fazer parar o cora\u00e7\u00e3o de muitas pessoas aqui\u201d, concluiu. <span class=\"destaquei11\"><span style=\"font-family: Arial; font-weight: normal;\"><\/span><\/span><\/span><\/p>\n<p class=\"MsoNormal\" style=\"margin-bottom: 12pt;\"><span style=\"font-size: 9pt; font-family: Arial;\">Gilberto Costa<br \/>\n<em>Rep\u00f3rter da Ag\u00eancia Brasil<\/em> <\/span><\/p>\n","protected":false},"excerpt":{"rendered":"<p>Os \u00edndios do Vale do Juru\u00e1, localizado a oeste do estado do Acre, est\u00e3o preocupados com o impacto de obras de infraestrutura na regi\u00e3o. Os \u00edndios temem as consequ\u00eancias ambientais e sociais de obras, como a pavimenta\u00e7\u00e3o da BR 364 e da explora\u00e7\u00e3o no estado e no Peru. Al\u00e9m dos grandes projetos, h\u00e1 preocupa\u00e7\u00e3o com [&hellip;]<\/p>\n","protected":false},"author":3,"featured_media":0,"comment_status":"open","ping_status":"open","sticky":false,"template":"","format":"standard","meta":{"_genesis_hide_title":false,"_genesis_hide_breadcrumbs":false,"_genesis_hide_singular_image":false,"_genesis_hide_footer_widgets":false,"_genesis_custom_body_class":"","_genesis_custom_post_class":"","_genesis_layout":"","_jetpack_memberships_contains_paid_content":false,"footnotes":""},"categories":[22],"tags":[],"class_list":{"0":"post-1937","1":"post","2":"type-post","3":"status-publish","4":"format-standard","6":"category-brasil","7":"entry","8":"gs-1","9":"gs-odd","10":"gs-even","11":"gs-featured-content-entry"},"jetpack_featured_media_url":"","jetpack_sharing_enabled":true,"jetpack_likes_enabled":true,"_links":{"self":[{"href":"https:\/\/www.redenoticia.com.br\/noticia\/wp-json\/wp\/v2\/posts\/1937","targetHints":{"allow":["GET"]}}],"collection":[{"href":"https:\/\/www.redenoticia.com.br\/noticia\/wp-json\/wp\/v2\/posts"}],"about":[{"href":"https:\/\/www.redenoticia.com.br\/noticia\/wp-json\/wp\/v2\/types\/post"}],"author":[{"embeddable":true,"href":"https:\/\/www.redenoticia.com.br\/noticia\/wp-json\/wp\/v2\/users\/3"}],"replies":[{"embeddable":true,"href":"https:\/\/www.redenoticia.com.br\/noticia\/wp-json\/wp\/v2\/comments?post=1937"}],"version-history":[{"count":0,"href":"https:\/\/www.redenoticia.com.br\/noticia\/wp-json\/wp\/v2\/posts\/1937\/revisions"}],"wp:attachment":[{"href":"https:\/\/www.redenoticia.com.br\/noticia\/wp-json\/wp\/v2\/media?parent=1937"}],"wp:term":[{"taxonomy":"category","embeddable":true,"href":"https:\/\/www.redenoticia.com.br\/noticia\/wp-json\/wp\/v2\/categories?post=1937"},{"taxonomy":"post_tag","embeddable":true,"href":"https:\/\/www.redenoticia.com.br\/noticia\/wp-json\/wp\/v2\/tags?post=1937"}],"curies":[{"name":"wp","href":"https:\/\/api.w.org\/{rel}","templated":true}]}}