{"id":193645,"date":"2020-06-02T11:44:33","date_gmt":"2020-06-02T14:44:33","guid":{"rendered":"https:\/\/www.redenoticia.com.br\/noticia\/?p=193645"},"modified":"2020-06-02T11:44:33","modified_gmt":"2020-06-02T14:44:33","slug":"resumo-novela-eta-mundo-bom-03-06-ana-enfrenta-severo-e-morre","status":"publish","type":"post","link":"https:\/\/www.redenoticia.com.br\/noticia\/2020\/resumo-novela-eta-mundo-bom-03-06-ana-enfrenta-severo-e-morre\/193645","title":{"rendered":"Resumo novela \u201cEta Mundo Bom\u201d 03\/06: Ana enfrenta Severo e morre"},"content":{"rendered":"<p><img loading=\"lazy\" decoding=\"async\" class=\"aligncenter size-large wp-image-191974\" src=\"https:\/\/www.redenoticia.com.br\/noticia\/imagens\/eta-mundo-bom-personagens-299x300.jpg\" alt=\"\" width=\"299\" height=\"300\" srcset=\"https:\/\/www.redenoticia.com.br\/noticia\/imagens\/eta-mundo-bom-personagens-299x300.jpg 299w, https:\/\/www.redenoticia.com.br\/noticia\/imagens\/eta-mundo-bom-personagens-186x187.jpg 186w, https:\/\/www.redenoticia.com.br\/noticia\/imagens\/eta-mundo-bom-personagens-150x150.jpg 150w, https:\/\/www.redenoticia.com.br\/noticia\/imagens\/eta-mundo-bom-personagens-139x140.jpg 139w, https:\/\/www.redenoticia.com.br\/noticia\/imagens\/eta-mundo-bom-personagens-85x85.jpg 85w, https:\/\/www.redenoticia.com.br\/noticia\/imagens\/eta-mundo-bom-personagens.jpg 506w\" sizes=\"auto, (max-width: 299px) 100vw, 299px\" \/><\/p>\n<p><strong><em>Resumo novela \u201cEta Mundo Bom\u201d 03\/06<\/em><\/strong>: no cap\u00edtulo 028(*) da novela, quarta-feira, 03 de junho, Sandra diz para Anast\u00e1cia que presentear\u00e1 a tia com um retrato e que as duas selecionar\u00e3o o artista juntas. Paulina e Clarice comentam com Filomena sobre a aus\u00eancia de Ernesto. Diana pede dinheiro a Severo. Maria tem alta do hospital e Celso a acompanha at\u00e9 a mans\u00e3o de Anast\u00e1cia.<\/p>\n<p>Romeu compra um carro de luxo para ir \u00e0 fazenda. Eponina aceita casar com In\u00e1cio para saldar as d\u00edvidas da fam\u00edlia. Celso viaja a Piracema para conseguir a falsa certid\u00e3o de nascimento de Candinho. Ana enfrenta Severo e desmaia. No hospital, Maria confronta Severo.<\/p>\n<p>Lauro comunica \u00e0 fam\u00edlia que o estado de Ana \u00e9 grave. Severo se recusa a custear as despesas de hospital de Ana, e Anast\u00e1cia se oferece. Antes de morrer, Ana pede que Maria, Braz e Severo se perdoem e se unam. Maria promete cuidar de Alice.<\/p>\n<p>No enterro de Ana, Braz acusa Severo de ser culpado pelo que aconteceu e garante que vingar\u00e1 a morte de sua m\u00e3e. Sandra sugere que Ernesto se aproxime de Candinho para aprender seus trejeitos. In\u00e1cio pede Eponina em noivado. Celso apoia Maria e a beija. Romeu chega \u00e0 fazenda.<\/p>\n<p>(*) edi\u00e7\u00e3o da Rede Globo, Novela \u201cEta Mundo Bom\u201d, sujeito a altera\u00e7\u00e3o de data e conte\u00fado.<\/p>\n<p>&#8220;Eta Mundo Bom&#8221; \u00e9 ambientada em 1948. A trama conta a hist\u00f3ria de Candinho (S\u00e9rgio Guiz\u00e9), que foi separado da m\u00e3e logo ap\u00f3s seu nascimento e foi acolhido pelo casal Cunegundes (Elizabeth Savalla) e Quinzinho (Ary Fontoura), donos da decadente fazenda Dom Pedro II, perto da cidade fict\u00edcia de Piracema, por volta dos anos 20.<\/p>\n","protected":false},"excerpt":{"rendered":"<p>Resumo novela \u201cEta Mundo Bom\u201d 03\/06: no cap\u00edtulo 028(*) da novela, quarta-feira, 03 de junho, Sandra diz para Anast\u00e1cia que presentear\u00e1 a tia com um retrato e que as duas selecionar\u00e3o o artista juntas. Paulina e Clarice comentam com Filomena sobre a aus\u00eancia de Ernesto. Diana pede dinheiro a Severo. Maria tem alta do hospital [&hellip;]<\/p>\n","protected":false},"author":4,"featured_media":191973,"comment_status":"closed","ping_status":"closed","sticky":false,"template":"","format":"standard","meta":{"_genesis_hide_title":false,"_genesis_hide_breadcrumbs":false,"_genesis_hide_singular_image":false,"_genesis_hide_footer_widgets":false,"_genesis_custom_body_class":"","_genesis_custom_post_class":"","_genesis_layout":"","_jetpack_memberships_contains_paid_content":false,"footnotes":""},"categories":[558,379,375,343],"tags":[441],"class_list":{"0":"post-193645","1":"post","2":"type-post","3":"status-publish","4":"format-standard","5":"has-post-thumbnail","7":"category-eta-mundo-bom","8":"category-novelas","9":"category-rede-globo","10":"category-televisao","11":"tag-resumo-do-dia","12":"entry","13":"gs-1","14":"gs-odd","15":"gs-even","16":"gs-featured-content-entry"},"jetpack_featured_media_url":"https:\/\/www.redenoticia.com.br\/noticia\/imagens\/eta-mundo-bom-logo.jpg","jetpack_sharing_enabled":true,"jetpack_likes_enabled":true,"_links":{"self":[{"href":"https:\/\/www.redenoticia.com.br\/noticia\/wp-json\/wp\/v2\/posts\/193645","targetHints":{"allow":["GET"]}}],"collection":[{"href":"https:\/\/www.redenoticia.com.br\/noticia\/wp-json\/wp\/v2\/posts"}],"about":[{"href":"https:\/\/www.redenoticia.com.br\/noticia\/wp-json\/wp\/v2\/types\/post"}],"author":[{"embeddable":true,"href":"https:\/\/www.redenoticia.com.br\/noticia\/wp-json\/wp\/v2\/users\/4"}],"replies":[{"embeddable":true,"href":"https:\/\/www.redenoticia.com.br\/noticia\/wp-json\/wp\/v2\/comments?post=193645"}],"version-history":[{"count":0,"href":"https:\/\/www.redenoticia.com.br\/noticia\/wp-json\/wp\/v2\/posts\/193645\/revisions"}],"wp:featuredmedia":[{"embeddable":true,"href":"https:\/\/www.redenoticia.com.br\/noticia\/wp-json\/wp\/v2\/media\/191973"}],"wp:attachment":[{"href":"https:\/\/www.redenoticia.com.br\/noticia\/wp-json\/wp\/v2\/media?parent=193645"}],"wp:term":[{"taxonomy":"category","embeddable":true,"href":"https:\/\/www.redenoticia.com.br\/noticia\/wp-json\/wp\/v2\/categories?post=193645"},{"taxonomy":"post_tag","embeddable":true,"href":"https:\/\/www.redenoticia.com.br\/noticia\/wp-json\/wp\/v2\/tags?post=193645"}],"curies":[{"name":"wp","href":"https:\/\/api.w.org\/{rel}","templated":true}]}}