{"id":193639,"date":"2020-06-02T11:41:43","date_gmt":"2020-06-02T14:41:43","guid":{"rendered":"https:\/\/www.redenoticia.com.br\/noticia\/?p=193639"},"modified":"2020-06-02T11:41:43","modified_gmt":"2020-06-02T14:41:43","slug":"resumo-novela-as-aventuras-de-poliana-03-06-dna-confirma-que-cassio-e-bento-sao-pai-e-filho","status":"publish","type":"post","link":"https:\/\/www.redenoticia.com.br\/noticia\/2020\/resumo-novela-as-aventuras-de-poliana-03-06-dna-confirma-que-cassio-e-bento-sao-pai-e-filho\/193639","title":{"rendered":"Resumo novela \u201cAs Aventuras de Poliana\u201d 03\/06: DNA confirma que C\u00e1ssio e Bento s\u00e3o pai e filho"},"content":{"rendered":"<p><img loading=\"lazy\" decoding=\"async\" class=\"aligncenter size-large wp-image-148662\" src=\"https:\/\/www.redenoticia.com.br\/noticia\/imagens\/as-aventuras-de-poliana-novela-400x267.jpg\" alt=\"\" width=\"400\" height=\"267\" srcset=\"https:\/\/www.redenoticia.com.br\/noticia\/imagens\/as-aventuras-de-poliana-novela-400x267.jpg 400w, https:\/\/www.redenoticia.com.br\/noticia\/imagens\/as-aventuras-de-poliana-novela-250x167.jpg 250w, https:\/\/www.redenoticia.com.br\/noticia\/imagens\/as-aventuras-de-poliana-novela-150x100.jpg 150w, https:\/\/www.redenoticia.com.br\/noticia\/imagens\/as-aventuras-de-poliana-novela.jpg 600w\" sizes=\"auto, (max-width: 400px) 100vw, 400px\" \/><\/p>\n<p><strong><em>Resumo novela \u201cAs Aventuras de Poliana\u201d 03\/06<\/em><\/strong>: no cap\u00edtulo 536(*) da novela, quarta-feira, 03 de junho, Mirela prop\u00f5e que o CLA se una ao CLP para ajudar a Ruth Goulart. Com a chave, Jeff retorna ao clube secreto e descobre a grande verdade sobre o grupo de Violeta. As crian\u00e7as do Clubinho vigiam a casa de Pendleton para descobrir mais informa\u00e7\u00f5es sobre Ester. Z\u00f3io n\u00e3o aprova a atitude de Falc\u00e3o na comunidade. Henrique e Gleyce come\u00e7am a se aproximar e Kessya fica com ci\u00fames. Roger faz as malas repentinamente, diz a fam\u00edlia que ir\u00e1 viajar, mas n\u00e3o conta para onde.<\/p>\n<p>Ruth pede para Sophie retornar a escola. Afonso conta para Durval que deu um tempo com Fernanda por achar que \u00e9 o pai do filho de D\u00e9bora. Sai o resultado de DNA, e \u00e9 confirmado que C\u00e1ssio e Bento s\u00e3o pai e filho. Vini ajuda Mosquito a renovar seu visual. Os alunos come\u00e7am a ensaiar para o musical de fim de ano. Luisa confronta D\u00e9bora.<\/p>\n<p>(*) edi\u00e7\u00e3o do SBT, Novela \u201cAs Aventuras de Poliana\u201d, sujeito a altera\u00e7\u00e3o de data e conte\u00fado.<\/p>\n<p>\u201cAs Aventuras de Poliana\u201d &#8211; Poliana \u00e9 uma menina extrovertida e de bom cora\u00e7\u00e3o que viajava o Brasil com seus pais, Lorenzo e Alice, no grupo circense Trupe Vagalume. Aos onze anos a garota v\u00ea seu mundo desabar quando seus pais falecem e ela tem que ir morar em S\u00e3o Paulo com sua tia Lu\u00edsa, uma mulher rica e severa, a qual ela n\u00e3o conhecia e que n\u00e3o queria cuidar dela, embora sinta que \u00e9 sua obriga\u00e7\u00e3o pela alma de sua irm\u00e3.<\/p>\n<p>Apesar do jeito da rigidez da tia, Poliana decide ter uma vis\u00e3o positiva e inabal\u00e1vel da vida, mesmo nos momentos de dificuldade, tentando levar um pouco de felicidade para a vida de cada um dos seus novos amigos e vizinhos, como o Sr. Pendleton, um homem rico e infeliz por nunca ter tido filhos. Ela vai estudar no col\u00e9gio de Ruth, uma diretora de bom cora\u00e7\u00e3o que a ajuda a se adaptar, mas tem que lidar com as vilanias de Mirela, garota mais velha que n\u00e3o aceita perder a popularidade para uma novata.<\/p>\n","protected":false},"excerpt":{"rendered":"<p>Resumo novela \u201cAs Aventuras de Poliana\u201d 03\/06: no cap\u00edtulo 536(*) da novela, quarta-feira, 03 de junho, Mirela prop\u00f5e que o CLA se una ao CLP para ajudar a Ruth Goulart. Com a chave, Jeff retorna ao clube secreto e descobre a grande verdade sobre o grupo de Violeta. As crian\u00e7as do Clubinho vigiam a casa [&hellip;]<\/p>\n","protected":false},"author":4,"featured_media":148663,"comment_status":"closed","ping_status":"closed","sticky":false,"template":"","format":"standard","meta":{"_genesis_hide_title":false,"_genesis_hide_breadcrumbs":false,"_genesis_hide_singular_image":false,"_genesis_hide_footer_widgets":false,"_genesis_custom_body_class":"","_genesis_custom_post_class":"","_genesis_layout":"","_jetpack_memberships_contains_paid_content":false,"footnotes":""},"categories":[477,379,372,343],"tags":[441],"class_list":{"0":"post-193639","1":"post","2":"type-post","3":"status-publish","4":"format-standard","5":"has-post-thumbnail","7":"category-as-aventuras-de-poliana","8":"category-novelas","9":"category-sbt","10":"category-televisao","11":"tag-resumo-do-dia","12":"entry","13":"gs-1","14":"gs-odd","15":"gs-even","16":"gs-featured-content-entry"},"jetpack_featured_media_url":"https:\/\/www.redenoticia.com.br\/noticia\/imagens\/as-aventuras-de-poliana-sbt.jpg","jetpack_sharing_enabled":true,"jetpack_likes_enabled":true,"_links":{"self":[{"href":"https:\/\/www.redenoticia.com.br\/noticia\/wp-json\/wp\/v2\/posts\/193639","targetHints":{"allow":["GET"]}}],"collection":[{"href":"https:\/\/www.redenoticia.com.br\/noticia\/wp-json\/wp\/v2\/posts"}],"about":[{"href":"https:\/\/www.redenoticia.com.br\/noticia\/wp-json\/wp\/v2\/types\/post"}],"author":[{"embeddable":true,"href":"https:\/\/www.redenoticia.com.br\/noticia\/wp-json\/wp\/v2\/users\/4"}],"replies":[{"embeddable":true,"href":"https:\/\/www.redenoticia.com.br\/noticia\/wp-json\/wp\/v2\/comments?post=193639"}],"version-history":[{"count":0,"href":"https:\/\/www.redenoticia.com.br\/noticia\/wp-json\/wp\/v2\/posts\/193639\/revisions"}],"wp:featuredmedia":[{"embeddable":true,"href":"https:\/\/www.redenoticia.com.br\/noticia\/wp-json\/wp\/v2\/media\/148663"}],"wp:attachment":[{"href":"https:\/\/www.redenoticia.com.br\/noticia\/wp-json\/wp\/v2\/media?parent=193639"}],"wp:term":[{"taxonomy":"category","embeddable":true,"href":"https:\/\/www.redenoticia.com.br\/noticia\/wp-json\/wp\/v2\/categories?post=193639"},{"taxonomy":"post_tag","embeddable":true,"href":"https:\/\/www.redenoticia.com.br\/noticia\/wp-json\/wp\/v2\/tags?post=193639"}],"curies":[{"name":"wp","href":"https:\/\/api.w.org\/{rel}","templated":true}]}}