{"id":193222,"date":"2020-06-01T17:34:03","date_gmt":"2020-06-01T20:34:03","guid":{"rendered":"https:\/\/www.redenoticia.com.br\/noticia\/?p=193222"},"modified":"2020-06-01T19:01:09","modified_gmt":"2020-06-01T22:01:09","slug":"novela-fina-estampa-griselda-esbanja-felicidade-apos-passar-a-noite-com-rene","status":"publish","type":"post","link":"https:\/\/www.redenoticia.com.br\/noticia\/2020\/novela-fina-estampa-griselda-esbanja-felicidade-apos-passar-a-noite-com-rene\/193222","title":{"rendered":"Novela \u201cFina Estampa\u201d: Griselda esbanja felicidade ap\u00f3s passar a noite com Ren\u00e9"},"content":{"rendered":"<p><img loading=\"lazy\" decoding=\"async\" src=\"https:\/\/www.redenoticia.com.br\/noticia\/imagens\/fina-estampa-globo-299x300.jpg\" alt=\"\" width=\"299\" height=\"300\" class=\"aligncenter size-large wp-image-190232\" srcset=\"https:\/\/www.redenoticia.com.br\/noticia\/imagens\/fina-estampa-globo-299x300.jpg 299w, https:\/\/www.redenoticia.com.br\/noticia\/imagens\/fina-estampa-globo-187x187.jpg 187w, https:\/\/www.redenoticia.com.br\/noticia\/imagens\/fina-estampa-globo-150x150.jpg 150w, https:\/\/www.redenoticia.com.br\/noticia\/imagens\/fina-estampa-globo-140x140.jpg 140w, https:\/\/www.redenoticia.com.br\/noticia\/imagens\/fina-estampa-globo-85x85.jpg 85w, https:\/\/www.redenoticia.com.br\/noticia\/imagens\/fina-estampa-globo.jpg 575w\" sizes=\"auto, (max-width: 299px) 100vw, 299px\" \/> <em><strong>Novela \u201cFina Estampa\u201d<\/strong><\/em>: Griselda (Lilia Cabral) passa a noite com Ren\u00e9 (Dalton Vigh) e esbanja felicidade. Antenor (Caio Castro) desconfia e questiona a m\u00e3e: &#8220;Agora que s\u00f3 t\u00e1 eu e voc\u00ea, ser\u00e1 que voc\u00ea pode me falar quem \u00e9? &#8230; Quem \u00e9 o cara que te deixou assim desse jeito ontem?&#8221;.<\/p>\n<p>A milion\u00e1ria nega: &#8220;N\u00e3o tem cara nenhum&#8221;. O filho insiste: &#8220;T\u00e1 bom, voc\u00ea vai falar pra mim que voc\u00ea ficou feliz por causa do filme que assistiu? M\u00e3e, conta outra&#8221;. Griselda afirma: &#8220;Mesmo que tivesse, Antenor, eu n\u00e3o tenho que te dar satisfa\u00e7\u00e3o. Est\u00e1 pra nascer o dia que essa m\u00e3e aqui vai dar satisfa\u00e7\u00e3o pra filho&#8221;. Cenas previstas para 02 de junho na novela \u201cFina Estampa\u201d.<\/p>\n<p>Sinopse \u201cFina Estampa\u201d: A vi\u00fava Griselda, conhecida como Pereir\u00e3o, trabalha como faz-tudo para sustentar seus tr\u00eas filhos. J\u00e1 Tereza Cristina \u00e9 uma socialite que acredita ter a vida perfeita. Seus destinos se cruzam por acaso e tudo muda quando Griselda fica milion\u00e1ria.<\/p>\n","protected":false},"excerpt":{"rendered":"<p>Novela \u201cFina Estampa\u201d: Griselda (Lilia Cabral) passa a noite com Ren\u00e9 (Dalton Vigh) e esbanja felicidade. Antenor (Caio Castro) desconfia e questiona a m\u00e3e: &#8220;Agora que s\u00f3 t\u00e1 eu e voc\u00ea, ser\u00e1 que voc\u00ea pode me falar quem \u00e9? &#8230; Quem \u00e9 o cara que te deixou assim desse jeito ontem?&#8221;. A milion\u00e1ria nega: &#8220;N\u00e3o [&hellip;]<\/p>\n","protected":false},"author":5,"featured_media":190230,"comment_status":"closed","ping_status":"closed","sticky":false,"template":"","format":"standard","meta":{"_genesis_hide_title":false,"_genesis_hide_breadcrumbs":false,"_genesis_hide_singular_image":false,"_genesis_hide_footer_widgets":false,"_genesis_custom_body_class":"","_genesis_custom_post_class":"","_genesis_layout":"","_jetpack_memberships_contains_paid_content":false,"footnotes":""},"categories":[388,555,379,375,343],"tags":[440],"class_list":{"0":"post-193222","1":"post","2":"type-post","3":"status-publish","4":"format-standard","5":"has-post-thumbnail","7":"category-destaques","8":"category-fina-estampa","9":"category-novelas","10":"category-rede-globo","11":"category-televisao","12":"tag-noticia-novela","13":"entry","14":"gs-1","15":"gs-odd","16":"gs-even","17":"gs-featured-content-entry"},"jetpack_featured_media_url":"https:\/\/www.redenoticia.com.br\/noticia\/imagens\/fina-estampa.jpg","jetpack_sharing_enabled":true,"jetpack_likes_enabled":true,"_links":{"self":[{"href":"https:\/\/www.redenoticia.com.br\/noticia\/wp-json\/wp\/v2\/posts\/193222","targetHints":{"allow":["GET"]}}],"collection":[{"href":"https:\/\/www.redenoticia.com.br\/noticia\/wp-json\/wp\/v2\/posts"}],"about":[{"href":"https:\/\/www.redenoticia.com.br\/noticia\/wp-json\/wp\/v2\/types\/post"}],"author":[{"embeddable":true,"href":"https:\/\/www.redenoticia.com.br\/noticia\/wp-json\/wp\/v2\/users\/5"}],"replies":[{"embeddable":true,"href":"https:\/\/www.redenoticia.com.br\/noticia\/wp-json\/wp\/v2\/comments?post=193222"}],"version-history":[{"count":0,"href":"https:\/\/www.redenoticia.com.br\/noticia\/wp-json\/wp\/v2\/posts\/193222\/revisions"}],"wp:featuredmedia":[{"embeddable":true,"href":"https:\/\/www.redenoticia.com.br\/noticia\/wp-json\/wp\/v2\/media\/190230"}],"wp:attachment":[{"href":"https:\/\/www.redenoticia.com.br\/noticia\/wp-json\/wp\/v2\/media?parent=193222"}],"wp:term":[{"taxonomy":"category","embeddable":true,"href":"https:\/\/www.redenoticia.com.br\/noticia\/wp-json\/wp\/v2\/categories?post=193222"},{"taxonomy":"post_tag","embeddable":true,"href":"https:\/\/www.redenoticia.com.br\/noticia\/wp-json\/wp\/v2\/tags?post=193222"}],"curies":[{"name":"wp","href":"https:\/\/api.w.org\/{rel}","templated":true}]}}