{"id":1932,"date":"2009-05-23T23:39:05","date_gmt":"2009-05-24T03:39:05","guid":{"rendered":"http:\/\/www.redenoticia.com.br\/noticia\/?p=1932"},"modified":"2009-05-23T23:39:05","modified_gmt":"2009-05-24T03:39:05","slug":"rondonia-firma-parceria-com-porto-de-manaus","status":"publish","type":"post","link":"https:\/\/www.redenoticia.com.br\/noticia\/2009\/rondonia-firma-parceria-com-porto-de-manaus\/1932","title":{"rendered":"Rond\u00f4nia firma parceria com porto de Manaus"},"content":{"rendered":"<p><span style=\"font-size: 9pt; font-family: Arial;\">Durante reuni\u00e3o a ocorrida esta semana na Sociedade dos Portos e Hidrovias do Estado de Rond\u00f4nia (SOPH), onde participaram representantes de entidades portu\u00e1rias juntamente com a diretoria do porto de Manaus, ficou acertado que as empresas ir\u00e3o facilitar e agilizar o embarque e o desembarque das mercadorias que saem de Porto Velho com destino \u00e0 exporta\u00e7\u00e3o.<\/span><\/p>\n<p class=\"MsoNormal\"><span style=\"font-size: 9pt; font-family: Arial;\"><!--[if gte vml 1]><v:shapetype  id=\"_x0000_t75\" coordsize=\"21600,21600\" o:spt=\"75\" o:preferrelative=\"t\"  path=\"m@4@5l@4@11@9@11@9@5xe\" filled=\"f\" stroked=\"f\"> <v:stroke joinstyle=\"miter\" \/> <v:formulas> <v:f eqn=\"if lineDrawn pixelLineWidth 0\" \/> <v:f eqn=\"sum @0 1 0\" \/> <v:f eqn=\"sum 0 0 @1\" \/> <v:f eqn=\"prod @2 1 2\" \/> <v:f eqn=\"prod @3 21600 pixelWidth\" \/> <v:f eqn=\"prod @3 21600 pixelHeight\" \/> <v:f eqn=\"sum @0 0 1\" \/> <v:f eqn=\"prod @6 1 2\" \/> <v:f eqn=\"prod @7 21600 pixelWidth\" \/> <v:f eqn=\"sum @8 21600 0\" \/> <v:f eqn=\"prod @7 21600 pixelHeight\" \/> <v:f eqn=\"sum @10 21600 0\" \/> <\/v:formulas> <v:path o:extrusionok=\"f\" gradientshapeok=\"t\" o:connecttype=\"rect\" \/> <o:lock v:ext=\"edit\" aspectratio=\"t\" \/> <\/v:shapetype><v:shape id=\"_x0000_i1025\" type=\"#_x0000_t75\" alt=\"\" style='width:.75pt;  height:.75pt'> <v:imagedata src=\"file:\/\/\/C:\\DOCUME~1\\Nova\\CONFIG~1\\Temp\\msohtml1\\01\\clip_image001.gif\"   o:href=\"http:\/\/www.rondonia.ro.gov.br\/imagens-site\/spacer.gif\" \/> <\/v:shape><![endif]--><!--[if !vml]--><img loading=\"lazy\" decoding=\"async\" src=\"file:\/\/\/C:\/DOCUME~1\/Nova\/CONFIG~1\/Temp\/msohtml1\/01\/clip_image001.gif\" alt=\"\" width=\"1\" height=\"1\" \/><!--[endif]--><\/span><\/p>\n<p class=\"MsoNormal\" style=\"text-align: justify; line-height: 10.5pt;\"><span style=\"font-size: 9pt; font-family: Arial;\">A redu\u00e7\u00e3o do frete em d\u00f3lar fica em torno de 30% quando o transporte \u00e9 mar\u00edtimo. <\/span><\/p>\n<p class=\"MsoNormal\" style=\"text-align: justify; line-height: 10.5pt;\"><span style=\"font-size: 9pt; font-family: Arial;\"> <\/span><\/p>\n<p class=\"MsoNormal\" style=\"text-align: justify; line-height: 10.5pt;\"><span style=\"font-size: 9pt; font-family: Arial;\">As exporta\u00e7\u00f5es para pa\u00edses da \u00c1sia, por exemplo, t\u00eam uma redu\u00e7\u00e3o de at\u00e9 50%, isso porque os navios que trazem suprimentos para a Zona Franca de Manaus retornam vazios por falta de mercadorias. \u201cA nossa inten\u00e7\u00e3o \u00e9 de mudar esse quadro em benef\u00edcio ao nosso Estado, ou seja, que esses navios n\u00e3o retornem vazios, mas sim com os nossos produtos\u201d, ressaltou Leandra. <\/span><\/p>\n<p class=\"MsoNormal\" style=\"line-height: 10.5pt;\"><span style=\"font-size: 9pt; font-family: Arial;\">DECOM <\/span><\/p>\n","protected":false},"excerpt":{"rendered":"<p>Durante reuni\u00e3o a ocorrida esta semana na Sociedade dos Portos e Hidrovias do Estado de Rond\u00f4nia (SOPH), onde participaram representantes de entidades portu\u00e1rias juntamente com a diretoria do porto de Manaus, ficou acertado que as empresas ir\u00e3o facilitar e agilizar o embarque e o desembarque das mercadorias que saem de Porto Velho com destino \u00e0 [&hellip;]<\/p>\n","protected":false},"author":3,"featured_media":0,"comment_status":"open","ping_status":"open","sticky":false,"template":"","format":"standard","meta":{"_genesis_hide_title":false,"_genesis_hide_breadcrumbs":false,"_genesis_hide_singular_image":false,"_genesis_hide_footer_widgets":false,"_genesis_custom_body_class":"","_genesis_custom_post_class":"","_genesis_layout":"","_jetpack_memberships_contains_paid_content":false,"footnotes":""},"categories":[22],"tags":[],"class_list":{"0":"post-1932","1":"post","2":"type-post","3":"status-publish","4":"format-standard","6":"category-brasil","7":"entry","8":"gs-1","9":"gs-odd","10":"gs-even","11":"gs-featured-content-entry"},"jetpack_featured_media_url":"","jetpack_sharing_enabled":true,"jetpack_likes_enabled":true,"_links":{"self":[{"href":"https:\/\/www.redenoticia.com.br\/noticia\/wp-json\/wp\/v2\/posts\/1932","targetHints":{"allow":["GET"]}}],"collection":[{"href":"https:\/\/www.redenoticia.com.br\/noticia\/wp-json\/wp\/v2\/posts"}],"about":[{"href":"https:\/\/www.redenoticia.com.br\/noticia\/wp-json\/wp\/v2\/types\/post"}],"author":[{"embeddable":true,"href":"https:\/\/www.redenoticia.com.br\/noticia\/wp-json\/wp\/v2\/users\/3"}],"replies":[{"embeddable":true,"href":"https:\/\/www.redenoticia.com.br\/noticia\/wp-json\/wp\/v2\/comments?post=1932"}],"version-history":[{"count":0,"href":"https:\/\/www.redenoticia.com.br\/noticia\/wp-json\/wp\/v2\/posts\/1932\/revisions"}],"wp:attachment":[{"href":"https:\/\/www.redenoticia.com.br\/noticia\/wp-json\/wp\/v2\/media?parent=1932"}],"wp:term":[{"taxonomy":"category","embeddable":true,"href":"https:\/\/www.redenoticia.com.br\/noticia\/wp-json\/wp\/v2\/categories?post=1932"},{"taxonomy":"post_tag","embeddable":true,"href":"https:\/\/www.redenoticia.com.br\/noticia\/wp-json\/wp\/v2\/tags?post=1932"}],"curies":[{"name":"wp","href":"https:\/\/api.w.org\/{rel}","templated":true}]}}