{"id":192628,"date":"2020-06-02T13:15:34","date_gmt":"2020-06-02T16:15:34","guid":{"rendered":"https:\/\/www.redenoticia.com.br\/noticia\/?p=192628"},"modified":"2020-06-04T09:39:50","modified_gmt":"2020-06-04T12:39:50","slug":"novela-novo-mundo-segredo-de-matias-surpreende-cecilia","status":"publish","type":"post","link":"https:\/\/www.redenoticia.com.br\/noticia\/2020\/novela-novo-mundo-segredo-de-matias-surpreende-cecilia\/192628","title":{"rendered":"Novela &#8220;Novo Mundo&#8221;: segredo de Matias alegra Cec\u00edlia"},"content":{"rendered":"<p><img loading=\"lazy\" decoding=\"async\" src=\"https:\/\/www.redenoticia.com.br\/noticia\/imagens\/novo-mundo-300x300.jpg\" alt=\"\" width=\"300\" height=\"300\" class=\"aligncenter size-large wp-image-190257\" srcset=\"https:\/\/www.redenoticia.com.br\/noticia\/imagens\/novo-mundo-300x300.jpg 300w, https:\/\/www.redenoticia.com.br\/noticia\/imagens\/novo-mundo-187x187.jpg 187w, https:\/\/www.redenoticia.com.br\/noticia\/imagens\/novo-mundo-150x150.jpg 150w, https:\/\/www.redenoticia.com.br\/noticia\/imagens\/novo-mundo-140x140.jpg 140w, https:\/\/www.redenoticia.com.br\/noticia\/imagens\/novo-mundo-85x85.jpg 85w, https:\/\/www.redenoticia.com.br\/noticia\/imagens\/novo-mundo.jpg 608w\" sizes=\"auto, (max-width: 300px) 100vw, 300px\" \/> <em><strong>Novela &#8220;Novo Mundo&#8221;:<\/strong><\/em> Cec\u00edlia (Isabella Drag\u00e3o) \u00e9 filha do comerciante de escravos Sebasti\u00e3o Quirino (Roberto Cordovani) e foi criada em um convento. Ela escreve textos abolicionistas e independentistas, sob pseud\u00f4nimo, para o jornal de Lib\u00e9rio (Felipe Sicler). Sebasti\u00e3o desaprova as atitudes da filha e toma provid\u00eancias. A jovem passa a ter em seu encal\u00e7o Matias (Renan Monteiro), que, a pedido de Sebasti\u00e3o, quer manter a menina sob controle. <\/p>\n<p>Matias sempre foi o fiel capataz de Sebasti\u00e3o e passa a ter esperan\u00e7as de conquistar o amor de Cec\u00edlia. Mas, ao confidenciar \u00e0 m\u00e3e seu interesse fica chocado com Idalina (Dhu Moraes), que n\u00e3o v\u00ea outra sa\u00edda sen\u00e3o falar a verdade ao filho: &#8220;Esque\u00e7a isso, Matias! Voc\u00eas dois n\u00e3o podem ter nada! Nada!&#8230; Porque ela \u00e9 sua irm\u00e3!&#8221;.<\/p>\n<p>Depois de um papo sincero, em que a mo\u00e7a conta que planeja fugir ao lado de Lib\u00e9rio, o escravo acaba lhe fazendo uma revela\u00e7\u00e3o que vai mudar suas vidas. &#8220;Voc\u00ea tem me ajudado tanto, e nem sei o motivo direito&#8221;. Achei que n\u00e3o gostava de mim porque era fiel ao meu pai&#8221;, ela fala. &#8220;Eu era. Eu era fiel ao nosso pai&#8230; N\u00f3s somos irm\u00e3os, Cec\u00edlia&#8221;, responde Matias. O segredo de Matias alegra Cec\u00edlia. Cenas previstas para junho na novela \u201cNovo Mundo\u201d.<\/p>\n<p>Sinopse Novela &#8220;Novo Mundo&#8221;: Jovem ator de Commedia dell&#8217;Arte, Joaquim se apaixona completamente por Anna quando embarca no navio Real rumo ao Novo Mundo. Chegando ao Brasil, torna-se um her\u00f3i e defensor de Dom Pedro, al\u00e9m de grande entusiasta da Independ\u00eancia brasileira. &#8230; &#8220;Uma mulher fant\u00e1stica e poderosa&#8221;, assim era Maria Leopoldina, esposa do imperador Dom Pedro I na hist\u00f3ria do Brasil. E a Leopoldina retratada em Novo Mundo, a nova novela das 6, \u00e9 uma grande homenagem de Let\u00edcia Colin a esta figura t\u00e3o importante a partir do texto de Thereza Falc\u00e3o e Alessandro Marson e da dire\u00e7\u00e3o art\u00edstica de Vin\u00edcius Coimbra. A atriz mergulhou no universo da austr\u00edaca que se jogou neste pa\u00eds e abra\u00e7ou estas terras.<\/p>\n","protected":false},"excerpt":{"rendered":"<p>Novela &#8220;Novo Mundo&#8221;: Cec\u00edlia (Isabella Drag\u00e3o) \u00e9 filha do comerciante de escravos Sebasti\u00e3o Quirino (Roberto Cordovani) e foi criada em um convento. Ela escreve textos abolicionistas e independentistas, sob pseud\u00f4nimo, para o jornal de Lib\u00e9rio (Felipe Sicler). Sebasti\u00e3o desaprova as atitudes da filha e toma provid\u00eancias. A jovem passa a ter em seu encal\u00e7o Matias [&hellip;]<\/p>\n","protected":false},"author":2,"featured_media":191224,"comment_status":"closed","ping_status":"closed","sticky":false,"template":"","format":"standard","meta":{"_genesis_hide_title":false,"_genesis_hide_breadcrumbs":false,"_genesis_hide_singular_image":false,"_genesis_hide_footer_widgets":false,"_genesis_custom_body_class":"","_genesis_custom_post_class":"","_genesis_layout":"","_jetpack_memberships_contains_paid_content":false,"footnotes":""},"categories":[388,379,557,375,343],"tags":[440],"class_list":{"0":"post-192628","1":"post","2":"type-post","3":"status-publish","4":"format-standard","5":"has-post-thumbnail","7":"category-destaques","8":"category-novelas","9":"category-novo-mundo","10":"category-rede-globo","11":"category-televisao","12":"tag-noticia-novela","13":"entry","14":"gs-1","15":"gs-odd","16":"gs-even","17":"gs-featured-content-entry"},"jetpack_featured_media_url":"https:\/\/www.redenoticia.com.br\/noticia\/imagens\/novela-Novo-Mundo.jpg","jetpack_sharing_enabled":true,"jetpack_likes_enabled":true,"_links":{"self":[{"href":"https:\/\/www.redenoticia.com.br\/noticia\/wp-json\/wp\/v2\/posts\/192628","targetHints":{"allow":["GET"]}}],"collection":[{"href":"https:\/\/www.redenoticia.com.br\/noticia\/wp-json\/wp\/v2\/posts"}],"about":[{"href":"https:\/\/www.redenoticia.com.br\/noticia\/wp-json\/wp\/v2\/types\/post"}],"author":[{"embeddable":true,"href":"https:\/\/www.redenoticia.com.br\/noticia\/wp-json\/wp\/v2\/users\/2"}],"replies":[{"embeddable":true,"href":"https:\/\/www.redenoticia.com.br\/noticia\/wp-json\/wp\/v2\/comments?post=192628"}],"version-history":[{"count":0,"href":"https:\/\/www.redenoticia.com.br\/noticia\/wp-json\/wp\/v2\/posts\/192628\/revisions"}],"wp:featuredmedia":[{"embeddable":true,"href":"https:\/\/www.redenoticia.com.br\/noticia\/wp-json\/wp\/v2\/media\/191224"}],"wp:attachment":[{"href":"https:\/\/www.redenoticia.com.br\/noticia\/wp-json\/wp\/v2\/media?parent=192628"}],"wp:term":[{"taxonomy":"category","embeddable":true,"href":"https:\/\/www.redenoticia.com.br\/noticia\/wp-json\/wp\/v2\/categories?post=192628"},{"taxonomy":"post_tag","embeddable":true,"href":"https:\/\/www.redenoticia.com.br\/noticia\/wp-json\/wp\/v2\/tags?post=192628"}],"curies":[{"name":"wp","href":"https:\/\/api.w.org\/{rel}","templated":true}]}}