{"id":192306,"date":"2020-05-05T12:06:58","date_gmt":"2020-05-05T15:06:58","guid":{"rendered":"https:\/\/www.redenoticia.com.br\/noticia\/?p=192306"},"modified":"2020-05-05T12:06:58","modified_gmt":"2020-05-05T15:06:58","slug":"resumo-novela-o-que-a-vida-me-roubou-06-05-montserrat-descobre-que-tera-que-pagar-a-sua-divida-com-filhos","status":"publish","type":"post","link":"https:\/\/www.redenoticia.com.br\/noticia\/2020\/resumo-novela-o-que-a-vida-me-roubou-06-05-montserrat-descobre-que-tera-que-pagar-a-sua-divida-com-filhos\/192306","title":{"rendered":"Resumo novela \u201cO Que A Vida Me Roubou\u201d 06\/05: Montserrat descobre que ter\u00e1 que \u201cpagar\u201d a sua d\u00edvida com filhos"},"content":{"rendered":"<p><img loading=\"lazy\" decoding=\"async\" src=\"https:\/\/www.redenoticia.com.br\/noticia\/imagens\/o-que-a-vida-me-roubou-elenco-361x300.jpg\" alt=\"\" width=\"361\" height=\"300\" class=\"aligncenter size-large wp-image-191122\" srcset=\"https:\/\/www.redenoticia.com.br\/noticia\/imagens\/o-que-a-vida-me-roubou-elenco-361x300.jpg 361w, https:\/\/www.redenoticia.com.br\/noticia\/imagens\/o-que-a-vida-me-roubou-elenco-225x187.jpg 225w, https:\/\/www.redenoticia.com.br\/noticia\/imagens\/o-que-a-vida-me-roubou-elenco-168x140.jpg 168w, https:\/\/www.redenoticia.com.br\/noticia\/imagens\/o-que-a-vida-me-roubou-elenco-102x85.jpg 102w, https:\/\/www.redenoticia.com.br\/noticia\/imagens\/o-que-a-vida-me-roubou-elenco.jpg 693w\" sizes=\"auto, (max-width: 361px) 100vw, 361px\" \/><\/p>\n<p><strong><em>Resumo da novela \u201cO Que A Vida Me Roubou\u201d<\/em><\/strong> em 06\/05: no cap\u00edtulo 013(*) da novela, quarta-feira, 06 de maio, na cozinha, Joventino ca\u00e7oa de Maria por ela n\u00e3o ter conquistado Alessandro. Alessandro diz a Joventino que n\u00e3o ser\u00e1 ele o capataz da fazenda, pois n\u00e3o confia nele. Joventino se zanga e se retira. Maria leva caf\u00e9 para Alessandro e briga com ele por ter se casado e a deixado s\u00f3. Joventino, em seu quarto, tenta imaginar o que Graciela planeja, j\u00e1 que casou sua filha com o filho de seu amante. Na casa de Esmeralda, Renato confessa a Jos\u00e9 Luis que est\u00e1 apaixonado por Esmeralda e pensa em ir embora com ela para o norte. Jos\u00e9 Luis, desesperado, visita Nadia e pede que o ajude a encontrar Montserrat, pois se amam. Nadia pede a Graciela que lhe d\u00ea os dados de Montserrat, para ligar para a jovem. Graciela mente dizendo que Montserrat est\u00e1 em lua de mel.<\/p>\n<p>Pedro grita com Loreto para que encontrem Jos\u00e9 Luis antes da marinha. Na casa de Josefina, ela fala com Dem\u00e9trio e confessa que sonha em se casar. Esmeralda faz Dem\u00e9trio acreditar que sente sua falta e lhe pergunta sobre sua irm\u00e3. Ele comenta que ela est\u00e1 em uma fazenda a tr\u00eas horas de \u00c1gua Azul com seu marido. Renato escuta e se decepciona com ela. Padre Anselmo visita Alessandro em sua fazenda e Alessandro lhe diz que se casou, ou melhor, comprou uma esposa. O padre se zanga. Montserrat os interrompe e Alessandro a apresenta ao Padre. Padre Anselmo se coloca \u00e0s ordens do casal e Montserrat vai para seu quarto. Alessandro a segue e entra no quarto. Ele tira a camisa e a beija, depois comenta que j\u00e1 pagou as d\u00edvidas de sua fam\u00edlia e que agora Montserrat ter\u00e1 que \u201cpagar\u201d a sua d\u00edvida com ele lhe e dar filhos.<\/p>\n<p>(*) edi\u00e7\u00e3o do SBT, Novela \u201cO Que A Vida Me Roubou\u201d, sujeito a altera\u00e7\u00e3o de data e conte\u00fado.<\/p>\n<p>Novela \u201cO Que A Vida Me Roubou\u201d: A hist\u00f3ria se passa em \u00c1gua Azul, onde Montserrat vive. Montserrat \u00e9 uma bela jovem socialite que sempre foi dominada por sua m\u00e3e Graziela, cuja \u00fanica preocupa\u00e7\u00e3o \u00e9 o seu elevado estatuto na sociedade, mesmo que a fam\u00edlia esteja financeiramente arruinada. Montserrat, apesar de fazer tudo o que sua m\u00e3e diz-lhe, secretamente mant\u00e9m um relacionamento com Jos\u00e9 Luis da marinha, com quem planeja se casar.<\/p>\n","protected":false},"excerpt":{"rendered":"<p>Resumo da novela \u201cO Que A Vida Me Roubou\u201d em 06\/05: no cap\u00edtulo 013(*) da novela, quarta-feira, 06 de maio, na cozinha, Joventino ca\u00e7oa de Maria por ela n\u00e3o ter conquistado Alessandro. Alessandro diz a Joventino que n\u00e3o ser\u00e1 ele o capataz da fazenda, pois n\u00e3o confia nele. Joventino se zanga e se retira. Maria [&hellip;]<\/p>\n","protected":false},"author":4,"featured_media":191123,"comment_status":"closed","ping_status":"closed","sticky":false,"template":"","format":"standard","meta":{"_genesis_hide_title":false,"_genesis_hide_breadcrumbs":false,"_genesis_hide_singular_image":false,"_genesis_hide_footer_widgets":false,"_genesis_custom_body_class":"","_genesis_custom_post_class":"","_genesis_layout":"","_jetpack_memberships_contains_paid_content":false,"footnotes":""},"categories":[379,372,343],"tags":[441],"class_list":{"0":"post-192306","1":"post","2":"type-post","3":"status-publish","4":"format-standard","5":"has-post-thumbnail","7":"category-novelas","8":"category-sbt","9":"category-televisao","10":"tag-resumo-do-dia","11":"entry","12":"gs-1","13":"gs-odd","14":"gs-even","15":"gs-featured-content-entry"},"jetpack_featured_media_url":"https:\/\/www.redenoticia.com.br\/noticia\/imagens\/o-que-a-vida-me-roubou-sbt.jpg","jetpack_sharing_enabled":true,"jetpack_likes_enabled":true,"_links":{"self":[{"href":"https:\/\/www.redenoticia.com.br\/noticia\/wp-json\/wp\/v2\/posts\/192306","targetHints":{"allow":["GET"]}}],"collection":[{"href":"https:\/\/www.redenoticia.com.br\/noticia\/wp-json\/wp\/v2\/posts"}],"about":[{"href":"https:\/\/www.redenoticia.com.br\/noticia\/wp-json\/wp\/v2\/types\/post"}],"author":[{"embeddable":true,"href":"https:\/\/www.redenoticia.com.br\/noticia\/wp-json\/wp\/v2\/users\/4"}],"replies":[{"embeddable":true,"href":"https:\/\/www.redenoticia.com.br\/noticia\/wp-json\/wp\/v2\/comments?post=192306"}],"version-history":[{"count":0,"href":"https:\/\/www.redenoticia.com.br\/noticia\/wp-json\/wp\/v2\/posts\/192306\/revisions"}],"wp:featuredmedia":[{"embeddable":true,"href":"https:\/\/www.redenoticia.com.br\/noticia\/wp-json\/wp\/v2\/media\/191123"}],"wp:attachment":[{"href":"https:\/\/www.redenoticia.com.br\/noticia\/wp-json\/wp\/v2\/media?parent=192306"}],"wp:term":[{"taxonomy":"category","embeddable":true,"href":"https:\/\/www.redenoticia.com.br\/noticia\/wp-json\/wp\/v2\/categories?post=192306"},{"taxonomy":"post_tag","embeddable":true,"href":"https:\/\/www.redenoticia.com.br\/noticia\/wp-json\/wp\/v2\/tags?post=192306"}],"curies":[{"name":"wp","href":"https:\/\/api.w.org\/{rel}","templated":true}]}}