{"id":191445,"date":"2020-04-14T12:11:16","date_gmt":"2020-04-14T15:11:16","guid":{"rendered":"https:\/\/www.redenoticia.com.br\/noticia\/?p=191445"},"modified":"2020-04-14T12:11:16","modified_gmt":"2020-04-14T15:11:16","slug":"resumo-novela-avenida-brasil-15-04-nina-descobre-que-carminha-tentou-matar-max","status":"publish","type":"post","link":"https:\/\/www.redenoticia.com.br\/noticia\/2020\/resumo-novela-avenida-brasil-15-04-nina-descobre-que-carminha-tentou-matar-max\/191445","title":{"rendered":"Resumo novela \u201cAvenida Brasil\u201d 15\/04: Nina descobre que Carminha tentou matar Max"},"content":{"rendered":"<p><img loading=\"lazy\" decoding=\"async\" src=\"https:\/\/www.redenoticia.com.br\/noticia\/imagens\/avenida-brasil-resumo-capitulo-01-348x300.jpg\" alt=\"\" width=\"348\" height=\"300\" class=\"aligncenter size-large wp-image-182543\" srcset=\"https:\/\/www.redenoticia.com.br\/noticia\/imagens\/avenida-brasil-resumo-capitulo-01-348x300.jpg 348w, https:\/\/www.redenoticia.com.br\/noticia\/imagens\/avenida-brasil-resumo-capitulo-01-217x187.jpg 217w, https:\/\/www.redenoticia.com.br\/noticia\/imagens\/avenida-brasil-resumo-capitulo-01-534x462.jpg 534w, https:\/\/www.redenoticia.com.br\/noticia\/imagens\/avenida-brasil-resumo-capitulo-01.jpg 590w\" sizes=\"auto, (max-width: 348px) 100vw, 348px\" \/><\/p>\n<p><strong><em>Resumo novela \u201cAvenida Brasil\u201d 15\/04<\/em><\/strong>: no cap\u00edtulo 137 (*) da novela, quarta-feira, 15 de abril, Lucinda pede ajuda pelo r\u00e1dio assim que o barco come\u00e7a a afundar. Lucinda e Max s\u00e3o salvos por pescadores. Muricy recebe a not\u00edcia do naufr\u00e1gio da lancha de Max e Ivana se desespera. Tuf\u00e3o e Leleco contam para Jorginho que Max morreu. Monalisa se preocupa com Tuf\u00e3o. Max afirma a Lucinda que se vingar\u00e1 de Carminha.<\/p>\n<p>Tuf\u00e3o avisa a Carminha que vai se separar dela. Max pega c\u00f3pias de suas fotos comprometedoras com Carminha. Ver\u00f4nica n\u00e3o consegue ser uma boa dona de casa. Carminha presenteia L\u00facio com seu carro. Jana\u00edna pede para Zez\u00e9 lev\u00e1-la at\u00e9 a ch\u00e1cara. Lucinda conta para Nina que Carminha tentou matar Max. Carminha se apavora ao ver Max na mans\u00e3o.<\/p>\n<p>(*) edi\u00e7\u00e3o da Rede Globo, Novela \u201cAvenida Brasil\u201d, sujeito a altera\u00e7\u00e3o de data e conte\u00fado.<\/p>\n<p>&#8220;Avenida Brasil&#8221; conta a hist\u00f3ria de uma jovem que, desde os 11 anos, planeja um acerto de contas com a madrasta. Rita (Mel Maia), \u00f3rf\u00e3 de m\u00e3e, era criada, com muito amor, pelo pai Gen\u00e9sio (Tony Ramos). Tudo muda quando ele se casa com Carmen L\u00facia, a Carminha (Adriana Esteves), uma mulher ambiciosa e dissimulada. Com Gen\u00e9sio, ela se passava por esposa doce e dedicada; com Rita, era uma madrasta m\u00e1.<\/p>\n<p>A menina entra em desespero ao descobrir, ap\u00f3s ouvir uma conversa da madrasta ao telefone, que Carminha est\u00e1 armando um golpe contra seu pai: ele ser\u00e1 abordado na sa\u00edda do banco, logo ap\u00f3s receber o pagamento pela venda da casa onde mora com a filha e a nova esposa. A transa\u00e7\u00e3o \u00e9 ideia de Carminha. Gen\u00e9sio titubeia, afinal a casa \u00e9 heran\u00e7a da falecida esposa, mas decide vender o patrim\u00f4nio para comprar outra casa. Carminha n\u00e3o arquitetou nada sozinha na novela &#8220;Avenida Brasil&#8221;. Cada passo foi acompanhado por Max (Marcello Novaes), seu amante e parceiro em golpes. Tendo ouvido o plano, Rita corre para alertar o pai, mas ele acha que a hist\u00f3ria n\u00e3o passa de implic\u00e2ncia da filha com a madrasta e, aparentemente, n\u00e3o a leva a s\u00e9rio.<\/p>\n","protected":false},"excerpt":{"rendered":"<p>Resumo novela \u201cAvenida Brasil\u201d 15\/04: no cap\u00edtulo 137 (*) da novela, quarta-feira, 15 de abril, Lucinda pede ajuda pelo r\u00e1dio assim que o barco come\u00e7a a afundar. Lucinda e Max s\u00e3o salvos por pescadores. Muricy recebe a not\u00edcia do naufr\u00e1gio da lancha de Max e Ivana se desespera. Tuf\u00e3o e Leleco contam para Jorginho que [&hellip;]<\/p>\n","protected":false},"author":4,"featured_media":182544,"comment_status":"closed","ping_status":"closed","sticky":false,"template":"","format":"standard","meta":{"_genesis_hide_title":false,"_genesis_hide_breadcrumbs":false,"_genesis_hide_singular_image":false,"_genesis_hide_footer_widgets":false,"_genesis_custom_body_class":"","_genesis_custom_post_class":"","_genesis_layout":"","_jetpack_memberships_contains_paid_content":false,"footnotes":""},"categories":[549,379,375,343],"tags":[441],"class_list":{"0":"post-191445","1":"post","2":"type-post","3":"status-publish","4":"format-standard","5":"has-post-thumbnail","7":"category-avenida-brasil","8":"category-novelas","9":"category-rede-globo","10":"category-televisao","11":"tag-resumo-do-dia","12":"entry","13":"gs-1","14":"gs-odd","15":"gs-even","16":"gs-featured-content-entry"},"jetpack_featured_media_url":"https:\/\/www.redenoticia.com.br\/noticia\/imagens\/avenida-brasil-logo.jpg","jetpack_sharing_enabled":true,"jetpack_likes_enabled":true,"_links":{"self":[{"href":"https:\/\/www.redenoticia.com.br\/noticia\/wp-json\/wp\/v2\/posts\/191445","targetHints":{"allow":["GET"]}}],"collection":[{"href":"https:\/\/www.redenoticia.com.br\/noticia\/wp-json\/wp\/v2\/posts"}],"about":[{"href":"https:\/\/www.redenoticia.com.br\/noticia\/wp-json\/wp\/v2\/types\/post"}],"author":[{"embeddable":true,"href":"https:\/\/www.redenoticia.com.br\/noticia\/wp-json\/wp\/v2\/users\/4"}],"replies":[{"embeddable":true,"href":"https:\/\/www.redenoticia.com.br\/noticia\/wp-json\/wp\/v2\/comments?post=191445"}],"version-history":[{"count":0,"href":"https:\/\/www.redenoticia.com.br\/noticia\/wp-json\/wp\/v2\/posts\/191445\/revisions"}],"wp:featuredmedia":[{"embeddable":true,"href":"https:\/\/www.redenoticia.com.br\/noticia\/wp-json\/wp\/v2\/media\/182544"}],"wp:attachment":[{"href":"https:\/\/www.redenoticia.com.br\/noticia\/wp-json\/wp\/v2\/media?parent=191445"}],"wp:term":[{"taxonomy":"category","embeddable":true,"href":"https:\/\/www.redenoticia.com.br\/noticia\/wp-json\/wp\/v2\/categories?post=191445"},{"taxonomy":"post_tag","embeddable":true,"href":"https:\/\/www.redenoticia.com.br\/noticia\/wp-json\/wp\/v2\/tags?post=191445"}],"curies":[{"name":"wp","href":"https:\/\/api.w.org\/{rel}","templated":true}]}}