{"id":190205,"date":"2020-03-24T02:11:52","date_gmt":"2020-03-24T05:11:52","guid":{"rendered":"https:\/\/www.redenoticia.com.br\/noticia\/?p=190205"},"modified":"2020-03-24T03:32:19","modified_gmt":"2020-03-24T06:32:19","slug":"novela-salve-se-quem-puder-renatinha-desmascara-kyra","status":"publish","type":"post","link":"https:\/\/www.redenoticia.com.br\/noticia\/2020\/novela-salve-se-quem-puder-renatinha-desmascara-kyra\/190205","title":{"rendered":"Novela \u201cSalve-se Quem Puder\u201d: Renatinha desmascara Kyra"},"content":{"rendered":"<p><img loading=\"lazy\" decoding=\"async\" src=\"https:\/\/www.redenoticia.com.br\/noticia\/imagens\/salve-se-quem-puder-logo-400x225.jpg\" alt=\"\" width=\"400\" height=\"225\" class=\"aligncenter size-large wp-image-187396\" srcset=\"https:\/\/www.redenoticia.com.br\/noticia\/imagens\/salve-se-quem-puder-logo-400x225.jpg 400w, https:\/\/www.redenoticia.com.br\/noticia\/imagens\/salve-se-quem-puder-logo-250x140.jpg 250w, https:\/\/www.redenoticia.com.br\/noticia\/imagens\/salve-se-quem-puder-logo-768x432.jpg 768w, https:\/\/www.redenoticia.com.br\/noticia\/imagens\/salve-se-quem-puder-logo-150x85.jpg 150w, https:\/\/www.redenoticia.com.br\/noticia\/imagens\/salve-se-quem-puder-logo-696x391.jpg 696w, https:\/\/www.redenoticia.com.br\/noticia\/imagens\/salve-se-quem-puder-logo.jpg 900w\" sizes=\"auto, (max-width: 400px) 100vw, 400px\" \/> <strong><em>Novela \u201cSalve-se Quem Puder\u201d:<\/em><\/strong> Rafael (Bruno Ferrari) volta a ficar ansioso e pede para Alexia\/Josimara (Deborah Secco) arrumar um novo encontro com o esp\u00edrito de Kyra\/Cleyde (Vit\u00f3ria Strada). Alexia concorda e organiza o encontro com Marieta (Prazeres Barbosa). Renatinha (Juliana Alves) ouve a conversa e se prepara: &#8220;Quer dizer que a Josimara vai montar o circo de novo hoje? S\u00f3 pra usar a Kyra pra falar mal de mim! Mas ela que me aguarde! &#8230; Chegou a paranormal! \u00c9 hoje que eu desmascaro essa charlat\u00e3! Quem \u00e9 essa outra com a Josimara?&#8221;<\/p>\n<p>Josimara vai ao banheiro e Renatinha questiona Kyra, que est\u00e1 disfar\u00e7ada: &#8220;Posso saber quem \u00e9 voc\u00ea que invadiu a Labrador? Pera\u00ed, voc\u00ea me lembra algu\u00e9m. Calma, acho que eu t\u00f4 delirando. O cabelo t\u00e1 diferente. Mas voc\u00ea lembra muito a&#8230; Vem c\u00e1! Que que voc\u00ea e a Josimara t\u00e3o aprontando? Vai me dizer que c\u00ea \u00e9 uma s\u00f3sia da Kyra que a doida contratou? N\u00e3o adianta fugir que eu vou te alcan\u00e7ar!&#8221;.<\/p>\n<p>Renatinha escorrega, desmaia e, quando desperta, segura Kyra pelo pesco\u00e7o: &#8220;Peguei. Agora c\u00ea vai me dizer quem voc\u00ea \u00e9 &#8230; C\u00ea n\u00e3o \u00e9 s\u00f3sia, c\u00ea \u00e9 a&#8230; Kyra? Meu Deus, c\u00ea n\u00e3o morreu? &#8230; Olha s\u00f3, a n\u00e3o ser que c\u00ea seja um fantasma. Ser\u00e1? Ser\u00e1 que c\u00ea \u00e9 uma alma penada que a Josimara trouxe?&#8221;. Kyra diz: &#8220;Eu n\u00e3o ia falar nada, mas agora. C\u00ea ficou que nem a Josimara. Consegue ver gente morta!&#8221;.<\/p>\n<p>Renatinha acredita, mas celular de Kyra emiteum som e a megera diz: &#8220;U\u00e9? Fantasma n\u00e3o tem celular. Nem peruca! C\u00ea t\u00e1 viva mesmo, sua, sua&#8230; Defunta! Mas c\u00ea foi enterrada, eu vi. Eu fui no enterro!&#8230; todo mundo achava que c\u00ea tinha morrido&#8230; Aproveitou a chance e resolveu tirar um tempo pra pensar se queria mesmo casar. Agora o nervoso passou e c\u00ea n\u00e3o sabe como desfazer o mal-entendido, n\u00e9? A\u00ed botou a Josimara na empresa pra fingir esses encontros espirituais com o Rafa. Pra ele n\u00e3o te esquecer at\u00e9 voc\u00ea encontrar uma sa\u00edda, acertei?&#8221;.<\/p>\n<p>Kyra confirma: &#8220;Na mosca! T\u00f4 passada com a sua esperteza!&#8221;. Renatinha obriga Kyra a escrever uma carta para ser psicografada por Josimara: &#8220;Chegou a hora de voc\u00ea seguir com a sua vida. N\u00e3o \u00e9 certo voc\u00ea ficar preso \u00e0 minha mem\u00f3ria. Rafa, o que eu mais desejo \u00e9 que voc\u00ea encontre outra mulher que te ame como eu te amei. E de onde eu estou, eu s\u00f3 consigo ver uma mulher que pode fazer isso do jeito que eu faria: a Renatinha&#8221;. Rafael fica em choque. Cena prevista para dia 25 de mar\u00e7o na novela \u201cSalve-se Quem Puder\u201d.<\/p>\n<p>\u201cSalve-se Quem Puder\u201d: Tr\u00eas mulheres com novas identidades e uma \u00fanica certeza: suas vidas est\u00e3o entrela\u00e7adas para sempre. Salve-se Quem Puder conta a hist\u00f3ria de Alexia (Deborah Secco), Luna (Juliana Paiva) e Kyra (Vit\u00f3ria Strada), que ingressam no Programa de Prote\u00e7\u00e3o \u00e0 Testemunha e mudam de vida ap\u00f3s presenciarem um crime. Para sobreviver, elas mudam o nome, a apar\u00eancia, o estilo de vida e v\u00e3o morar na fict\u00edcia Judas do Norte, no interior de S\u00e3o Paulo, depois que s\u00e3o dadas como mortas.<\/p>\n<p>Alexia vira Josimara, Luna assume o nome de Fiona e Kyra \u00e9 Cleyde, novas pessoas com um padr\u00e3o de vida bem diferente. Elas ser\u00e3o acolhidas por uma fam\u00edlia protetora &#8211; que n\u00e3o sabe nada sobre o passado delas &#8211; e v\u00e3o precisar seguir regras r\u00edgidas para permanecerem no programa. A primeira delas \u00e9 a interrup\u00e7\u00e3o imediata de qualquer tipo de contato com conhecidos, por isso, celulares e rede sociais s\u00e3o proibidos, assim como frequentar os mesmos lugares e cultivar h\u00e1bitos do passado.<\/p>\n","protected":false},"excerpt":{"rendered":"<p>Novela \u201cSalve-se Quem Puder\u201d: Rafael (Bruno Ferrari) volta a ficar ansioso e pede para Alexia\/Josimara (Deborah Secco) arrumar um novo encontro com o esp\u00edrito de Kyra\/Cleyde (Vit\u00f3ria Strada). Alexia concorda e organiza o encontro com Marieta (Prazeres Barbosa). Renatinha (Juliana Alves) ouve a conversa e se prepara: &#8220;Quer dizer que a Josimara vai montar o [&hellip;]<\/p>\n","protected":false},"author":2,"featured_media":186173,"comment_status":"open","ping_status":"closed","sticky":false,"template":"","format":"standard","meta":{"_genesis_hide_title":false,"_genesis_hide_breadcrumbs":false,"_genesis_hide_singular_image":false,"_genesis_hide_footer_widgets":false,"_genesis_custom_body_class":"","_genesis_custom_post_class":"","_genesis_layout":"","_jetpack_memberships_contains_paid_content":false,"footnotes":""},"categories":[388,379,375,553,343],"tags":[440],"class_list":{"0":"post-190205","1":"post","2":"type-post","3":"status-publish","4":"format-standard","5":"has-post-thumbnail","7":"category-destaques","8":"category-novelas","9":"category-rede-globo","10":"category-salve-se-quem-puder","11":"category-televisao","12":"tag-noticia-novela","13":"entry","14":"gs-1","15":"gs-odd","16":"gs-even","17":"gs-featured-content-entry"},"jetpack_featured_media_url":"https:\/\/www.redenoticia.com.br\/noticia\/imagens\/salve-se-quem-puder-novela-resumo.jpg","jetpack_sharing_enabled":true,"jetpack_likes_enabled":true,"_links":{"self":[{"href":"https:\/\/www.redenoticia.com.br\/noticia\/wp-json\/wp\/v2\/posts\/190205","targetHints":{"allow":["GET"]}}],"collection":[{"href":"https:\/\/www.redenoticia.com.br\/noticia\/wp-json\/wp\/v2\/posts"}],"about":[{"href":"https:\/\/www.redenoticia.com.br\/noticia\/wp-json\/wp\/v2\/types\/post"}],"author":[{"embeddable":true,"href":"https:\/\/www.redenoticia.com.br\/noticia\/wp-json\/wp\/v2\/users\/2"}],"replies":[{"embeddable":true,"href":"https:\/\/www.redenoticia.com.br\/noticia\/wp-json\/wp\/v2\/comments?post=190205"}],"version-history":[{"count":0,"href":"https:\/\/www.redenoticia.com.br\/noticia\/wp-json\/wp\/v2\/posts\/190205\/revisions"}],"wp:featuredmedia":[{"embeddable":true,"href":"https:\/\/www.redenoticia.com.br\/noticia\/wp-json\/wp\/v2\/media\/186173"}],"wp:attachment":[{"href":"https:\/\/www.redenoticia.com.br\/noticia\/wp-json\/wp\/v2\/media?parent=190205"}],"wp:term":[{"taxonomy":"category","embeddable":true,"href":"https:\/\/www.redenoticia.com.br\/noticia\/wp-json\/wp\/v2\/categories?post=190205"},{"taxonomy":"post_tag","embeddable":true,"href":"https:\/\/www.redenoticia.com.br\/noticia\/wp-json\/wp\/v2\/tags?post=190205"}],"curies":[{"name":"wp","href":"https:\/\/api.w.org\/{rel}","templated":true}]}}