{"id":1875,"date":"2009-05-21T21:24:33","date_gmt":"2009-05-22T01:24:33","guid":{"rendered":"http:\/\/www.redenoticia.com.br\/noticia\/?p=1875"},"modified":"2009-05-21T21:24:33","modified_gmt":"2009-05-22T01:24:33","slug":"acijip-adere-causa-social-de-ji-parana","status":"publish","type":"post","link":"https:\/\/www.redenoticia.com.br\/noticia\/2009\/acijip-adere-causa-social-de-ji-parana\/1875","title":{"rendered":"ACIJIP adere causa social de Ji-Parana"},"content":{"rendered":"<p class=\"ececmsonormal\" style=\"margin: 0cm 0cm 16.2pt; background: white none repeat scroll 0%; text-align: justify;\"><span style=\"font-family: Arial;\">A Associa\u00e7\u00e3o Comercial e Industrial de Ji-Paran\u00e1 (ACIJIP) firmou parceria com as demais entidades p\u00fablicas e privadas engajadas em arrecadar donativos paraas v\u00edtimas das chuvas e enchente que assola parte do Maranh\u00e3o. A campanha busca a arrecada\u00e7\u00e3o de roupas e alimentos n\u00e3o perec\u00edveis. <\/span><\/p>\n<p class=\"ececmsonormal\" style=\"margin: 0cm 0cm 16.2pt; background: white none repeat scroll 0%; text-align: justify;\"><span style=\"font-family: Arial;\">Segundo o Juiz de Pequenas Causas, Jo\u00e3o Val\u00e9rio Silva Neto, o Maranh\u00e3o possui cerca de 160 mil pessoas atingidas pela enchente, Estado \u00e9 o que possui o menor \u00edndice de desenvolvimento humano do Pa\u00eds. <\/span><\/p>\n<p class=\"ececmsonormal\" style=\"margin: 0cm 0cm 16.2pt; background: white none repeat scroll 0%; text-align: justify;\"><span style=\"font-family: Arial;\">Para o presidente da ACIJIP, Marcito Pinto, a fun\u00e7\u00e3o da associa\u00e7\u00e3o na cidade vai al\u00e9m do comprometimento com a classe empresarial. &#8220;Nos preocupamos com o bem estar de toda comunidade. \u00c9 preciso estar inseridos nos temas sociais e n\u00e3o poder\u00edamos deixar de encampar mais esta causa. Nossas a\u00e7\u00f5es estar\u00e3o focadas nas quest\u00f5es log\u00edsticas e operacionais, em breve divulgadas para a comunidade&#8221;, ressaltou.<\/span><\/p>\n<p class=\"ececmsonormal\" style=\"margin: 0cm 0cm 16.2pt; background: white none repeat scroll 0%; text-align: justify;\"><span style=\"font-family: Arial;\">As doa\u00e7\u00f5es poder\u00e3o ser entregues nos postos de arrecada\u00e7\u00e3o localizados na sede da ACIJIP, prefeitura, F\u00f3rum, Shopping Cidad\u00e3o, Secretaria de A\u00e7\u00e3o Social, Gerivald\u00e3o, entre outros locais que est\u00e3o sendo montados em pontos comerciais.\u00a0 As doa\u00e7\u00f5es ser\u00e3o transportadas at\u00e9 o Maranh\u00e3o pela Eucatur e pela For\u00e7a A\u00e9rea Brasileira (FAB), e distribu\u00eddas aos desabrigados pela Defesa Civil e Ex\u00e9rcito Brasileiro. A campanha seguir\u00e1 at\u00e9 o dia 27 de junho.<\/span><\/p>\n<p>Raquel Keller<\/p>\n","protected":false},"excerpt":{"rendered":"<p>A Associa\u00e7\u00e3o Comercial e Industrial de Ji-Paran\u00e1 (ACIJIP) firmou parceria com as demais entidades p\u00fablicas e privadas engajadas em arrecadar donativos paraas v\u00edtimas das chuvas e enchente que assola parte do Maranh\u00e3o. A campanha busca a arrecada\u00e7\u00e3o de roupas e alimentos n\u00e3o perec\u00edveis. Segundo o Juiz de Pequenas Causas, Jo\u00e3o Val\u00e9rio Silva Neto, o Maranh\u00e3o [&hellip;]<\/p>\n","protected":false},"author":3,"featured_media":0,"comment_status":"open","ping_status":"open","sticky":false,"template":"","format":"standard","meta":{"_genesis_hide_title":false,"_genesis_hide_breadcrumbs":false,"_genesis_hide_singular_image":false,"_genesis_hide_footer_widgets":false,"_genesis_custom_body_class":"","_genesis_custom_post_class":"","_genesis_layout":"","_jetpack_memberships_contains_paid_content":false,"footnotes":""},"categories":[22],"tags":[],"class_list":{"0":"post-1875","1":"post","2":"type-post","3":"status-publish","4":"format-standard","6":"category-brasil","7":"entry","8":"gs-1","9":"gs-odd","10":"gs-even","11":"gs-featured-content-entry"},"jetpack_featured_media_url":"","jetpack_sharing_enabled":true,"jetpack_likes_enabled":true,"_links":{"self":[{"href":"https:\/\/www.redenoticia.com.br\/noticia\/wp-json\/wp\/v2\/posts\/1875","targetHints":{"allow":["GET"]}}],"collection":[{"href":"https:\/\/www.redenoticia.com.br\/noticia\/wp-json\/wp\/v2\/posts"}],"about":[{"href":"https:\/\/www.redenoticia.com.br\/noticia\/wp-json\/wp\/v2\/types\/post"}],"author":[{"embeddable":true,"href":"https:\/\/www.redenoticia.com.br\/noticia\/wp-json\/wp\/v2\/users\/3"}],"replies":[{"embeddable":true,"href":"https:\/\/www.redenoticia.com.br\/noticia\/wp-json\/wp\/v2\/comments?post=1875"}],"version-history":[{"count":0,"href":"https:\/\/www.redenoticia.com.br\/noticia\/wp-json\/wp\/v2\/posts\/1875\/revisions"}],"wp:attachment":[{"href":"https:\/\/www.redenoticia.com.br\/noticia\/wp-json\/wp\/v2\/media?parent=1875"}],"wp:term":[{"taxonomy":"category","embeddable":true,"href":"https:\/\/www.redenoticia.com.br\/noticia\/wp-json\/wp\/v2\/categories?post=1875"},{"taxonomy":"post_tag","embeddable":true,"href":"https:\/\/www.redenoticia.com.br\/noticia\/wp-json\/wp\/v2\/tags?post=1875"}],"curies":[{"name":"wp","href":"https:\/\/api.w.org\/{rel}","templated":true}]}}