{"id":1872,"date":"2009-05-21T13:39:46","date_gmt":"2009-05-21T17:39:46","guid":{"rendered":"http:\/\/www.redenoticia.com.br\/noticia\/?p=1872"},"modified":"2009-05-21T13:39:46","modified_gmt":"2009-05-21T17:39:46","slug":"reitor-da-universidade-de-rondonia-convocado-para-falar-sobre-a-amazonia","status":"publish","type":"post","link":"https:\/\/www.redenoticia.com.br\/noticia\/2009\/reitor-da-universidade-de-rondonia-convocado-para-falar-sobre-a-amazonia\/1872","title":{"rendered":"Reitor da Universidade de Rond\u00f4nia convocado para falar sobre a Amaz\u00f4nia"},"content":{"rendered":"<p><span style=\"font-family: Arial;\">A convoca\u00e7\u00e3o foi a \u00faltima proposta de hoje a ser aprovada pelos senadores da Comiss\u00e3o de Rela\u00e7\u00f5es Exteriores e Defesa Nacional (CRE). <\/span><\/p>\n<p><span style=\"font-family: Arial;\">O senador Mozarildo Cavalcanti (PTB-RR) sugeriu que os reitores das universidades p\u00fablicas de Rond\u00f4nia e do Acre falem sobre a situa\u00e7\u00e3o da Amaz\u00f4nia. <\/span><\/p>\n<p><span style=\"font-family: Arial;\">A apresenta\u00e7\u00e3o ser\u00e1 promovido pela Subcomiss\u00e3o permanente da Amaz\u00f4nia e da faixa de fronteira.<\/span><\/p>\n<p><span class=\"avisoreproducao\"><span style=\"font-family: Arial;\"><\/span><\/span><span style=\"font-family: Arial;\"><\/span><\/p>\n","protected":false},"excerpt":{"rendered":"<p>A convoca\u00e7\u00e3o foi a \u00faltima proposta de hoje a ser aprovada pelos senadores da Comiss\u00e3o de Rela\u00e7\u00f5es Exteriores e Defesa Nacional (CRE). O senador Mozarildo Cavalcanti (PTB-RR) sugeriu que os reitores das universidades p\u00fablicas de Rond\u00f4nia e do Acre falem sobre a situa\u00e7\u00e3o da Amaz\u00f4nia. A apresenta\u00e7\u00e3o ser\u00e1 promovido pela Subcomiss\u00e3o permanente da Amaz\u00f4nia e [&hellip;]<\/p>\n","protected":false},"author":3,"featured_media":0,"comment_status":"open","ping_status":"open","sticky":false,"template":"","format":"standard","meta":{"_genesis_hide_title":false,"_genesis_hide_breadcrumbs":false,"_genesis_hide_singular_image":false,"_genesis_hide_footer_widgets":false,"_genesis_custom_body_class":"","_genesis_custom_post_class":"","_genesis_layout":"","_jetpack_memberships_contains_paid_content":false,"footnotes":""},"categories":[22],"tags":[],"class_list":{"0":"post-1872","1":"post","2":"type-post","3":"status-publish","4":"format-standard","6":"category-brasil","7":"entry","8":"gs-1","9":"gs-odd","10":"gs-even","11":"gs-featured-content-entry"},"jetpack_featured_media_url":"","jetpack_sharing_enabled":true,"jetpack_likes_enabled":true,"_links":{"self":[{"href":"https:\/\/www.redenoticia.com.br\/noticia\/wp-json\/wp\/v2\/posts\/1872","targetHints":{"allow":["GET"]}}],"collection":[{"href":"https:\/\/www.redenoticia.com.br\/noticia\/wp-json\/wp\/v2\/posts"}],"about":[{"href":"https:\/\/www.redenoticia.com.br\/noticia\/wp-json\/wp\/v2\/types\/post"}],"author":[{"embeddable":true,"href":"https:\/\/www.redenoticia.com.br\/noticia\/wp-json\/wp\/v2\/users\/3"}],"replies":[{"embeddable":true,"href":"https:\/\/www.redenoticia.com.br\/noticia\/wp-json\/wp\/v2\/comments?post=1872"}],"version-history":[{"count":0,"href":"https:\/\/www.redenoticia.com.br\/noticia\/wp-json\/wp\/v2\/posts\/1872\/revisions"}],"wp:attachment":[{"href":"https:\/\/www.redenoticia.com.br\/noticia\/wp-json\/wp\/v2\/media?parent=1872"}],"wp:term":[{"taxonomy":"category","embeddable":true,"href":"https:\/\/www.redenoticia.com.br\/noticia\/wp-json\/wp\/v2\/categories?post=1872"},{"taxonomy":"post_tag","embeddable":true,"href":"https:\/\/www.redenoticia.com.br\/noticia\/wp-json\/wp\/v2\/tags?post=1872"}],"curies":[{"name":"wp","href":"https:\/\/api.w.org\/{rel}","templated":true}]}}