{"id":1862,"date":"2009-05-21T10:16:27","date_gmt":"2009-05-21T14:16:27","guid":{"rendered":"http:\/\/www.redenoticia.com.br\/noticia\/?p=1862"},"modified":"2009-05-21T10:16:27","modified_gmt":"2009-05-21T14:16:27","slug":"a-lista-enterrada","status":"publish","type":"post","link":"https:\/\/www.redenoticia.com.br\/noticia\/2009\/a-lista-enterrada\/1862","title":{"rendered":"A lista enterrada"},"content":{"rendered":"<p>A base do governo na C\u00e2mara n\u00e3o apoia a ado\u00e7\u00e3o do voto em lista, proposta pelo Planalto. A decis\u00e3o foi tomada na noite de ter\u00e7a-feira. O PP, o PR, o PTB, o PSB e o PSC anunciaram que s\u00e3o contra e que v\u00e3o obstruir as vota\u00e7\u00f5es se o governo insistir em votar. Por isso, o PMDB mudou de posi\u00e7\u00e3o, e o l\u00edder do governo, Henrique Fontana (PT-RS), chegou \u00e0 conclus\u00e3o que, &#8220;com a base dividida, n\u00e3o h\u00e1 como levar adiante a proposta do voto em lista&#8221;.<\/p>\n<p>Ilimar Franco no Oglobo.com.bom<\/p>\n","protected":false},"excerpt":{"rendered":"<p>A base do governo na C\u00e2mara n\u00e3o apoia a ado\u00e7\u00e3o do voto em lista, proposta pelo Planalto. A decis\u00e3o foi tomada na noite de ter\u00e7a-feira. O PP, o PR, o PTB, o PSB e o PSC anunciaram que s\u00e3o contra e que v\u00e3o obstruir as vota\u00e7\u00f5es se o governo insistir em votar. Por isso, o [&hellip;]<\/p>\n","protected":false},"author":2,"featured_media":0,"comment_status":"open","ping_status":"open","sticky":false,"template":"","format":"standard","meta":{"_genesis_hide_title":false,"_genesis_hide_breadcrumbs":false,"_genesis_hide_singular_image":false,"_genesis_hide_footer_widgets":false,"_genesis_custom_body_class":"","_genesis_custom_post_class":"","_genesis_layout":"","_jetpack_memberships_contains_paid_content":false,"footnotes":""},"categories":[22],"tags":[],"class_list":{"0":"post-1862","1":"post","2":"type-post","3":"status-publish","4":"format-standard","6":"category-brasil","7":"entry","8":"gs-1","9":"gs-odd","10":"gs-even","11":"gs-featured-content-entry"},"jetpack_featured_media_url":"","jetpack_sharing_enabled":true,"jetpack_likes_enabled":true,"_links":{"self":[{"href":"https:\/\/www.redenoticia.com.br\/noticia\/wp-json\/wp\/v2\/posts\/1862","targetHints":{"allow":["GET"]}}],"collection":[{"href":"https:\/\/www.redenoticia.com.br\/noticia\/wp-json\/wp\/v2\/posts"}],"about":[{"href":"https:\/\/www.redenoticia.com.br\/noticia\/wp-json\/wp\/v2\/types\/post"}],"author":[{"embeddable":true,"href":"https:\/\/www.redenoticia.com.br\/noticia\/wp-json\/wp\/v2\/users\/2"}],"replies":[{"embeddable":true,"href":"https:\/\/www.redenoticia.com.br\/noticia\/wp-json\/wp\/v2\/comments?post=1862"}],"version-history":[{"count":0,"href":"https:\/\/www.redenoticia.com.br\/noticia\/wp-json\/wp\/v2\/posts\/1862\/revisions"}],"wp:attachment":[{"href":"https:\/\/www.redenoticia.com.br\/noticia\/wp-json\/wp\/v2\/media?parent=1862"}],"wp:term":[{"taxonomy":"category","embeddable":true,"href":"https:\/\/www.redenoticia.com.br\/noticia\/wp-json\/wp\/v2\/categories?post=1862"},{"taxonomy":"post_tag","embeddable":true,"href":"https:\/\/www.redenoticia.com.br\/noticia\/wp-json\/wp\/v2\/tags?post=1862"}],"curies":[{"name":"wp","href":"https:\/\/api.w.org\/{rel}","templated":true}]}}