{"id":185945,"date":"2019-12-11T12:23:54","date_gmt":"2019-12-11T15:23:54","guid":{"rendered":"https:\/\/www.redenoticia.com.br\/noticia\/?p=185945"},"modified":"2019-12-11T12:23:54","modified_gmt":"2019-12-11T15:23:54","slug":"resumo-novela-meu-coracao-e-teu-12-12-fernando-e-isabela-se-casam","status":"publish","type":"post","link":"https:\/\/www.redenoticia.com.br\/noticia\/2019\/resumo-novela-meu-coracao-e-teu-12-12-fernando-e-isabela-se-casam\/185945","title":{"rendered":"Resumo novela \u201cMeu Cora\u00e7\u00e3o \u00e9 Teu\u201d 12\/12: Fernando e Isabela se casam"},"content":{"rendered":"<p><img loading=\"lazy\" decoding=\"async\" src=\"https:\/\/www.redenoticia.com.br\/noticia\/imagens\/meu-coracao-e-teu-300x300.jpg\" alt=\"\" width=\"300\" height=\"300\" class=\"aligncenter size-large wp-image-183929\" srcset=\"https:\/\/www.redenoticia.com.br\/noticia\/imagens\/meu-coracao-e-teu-300x300.jpg 300w, https:\/\/www.redenoticia.com.br\/noticia\/imagens\/meu-coracao-e-teu-187x187.jpg 187w, https:\/\/www.redenoticia.com.br\/noticia\/imagens\/meu-coracao-e-teu-150x150.jpg 150w, https:\/\/www.redenoticia.com.br\/noticia\/imagens\/meu-coracao-e-teu-140x140.jpg 140w, https:\/\/www.redenoticia.com.br\/noticia\/imagens\/meu-coracao-e-teu-85x85.jpg 85w, https:\/\/www.redenoticia.com.br\/noticia\/imagens\/meu-coracao-e-teu.jpg 500w\" sizes=\"auto, (max-width: 300px) 100vw, 300px\" \/><\/p>\n<p><strong><em>Resumo da novela \u201cMeu Cora\u00e7\u00e3o \u00e9 Teu\u201d<\/em><\/strong> em 12\/12: no cap\u00edtulo 029(*) da novela, quinta-feira, 12 de dezembro, Ana est\u00e1 a ponto de impedir o casamento entre Fernando e Isabela, mas Diego evita que ela o fa\u00e7a. Johnny segue trancado e deprimido. O padre pergunta a Fernando se ele aceita Isabela como sua esposa. Ana e Fanny, em voz baixa, pedem ao pai que diga que n\u00e3o. Durante a cerim\u00f4nia, Ana acaba torcendo o p\u00e9 e Diego precisa lev\u00e1-la ao hospital. Isto a preocupa muito, pois era ela quem estava encarregada de cuidar das crian\u00e7as, al\u00e9m do que, nesta condi\u00e7\u00e3o ficar\u00e1 dif\u00edcil para ela continuar seu trabalho na \u201cChicago\u201d.<\/p>\n<p>O problema de Ana acaba n\u00e3o sendo nada s\u00e9rio. Diego e Ana v\u00e3o comer e ele pergunta se ela aceitaria conhece-lo melhor. Bruno se surpreende ao ver Yolanda chegando a mans\u00e3o e dizendo que daquele dia em diante ela viver\u00e1 ali. Mauricio fica mal e Tamara chama Leon para que os ajude. Leon mente para Fanny, dizendo que um amigo sofreu um acidente e ele precisa ajudar com urg\u00eancia. Fanny fica desconcertada. Fernando fica com ci\u00fames ao saber que Diego levou Ana ao hospital, e Nicolas o lembra que agora ele \u00e9 um homem casado.<\/p>\n<p>(*) edi\u00e7\u00e3o do SBT, Novela \u201cMeu Cora\u00e7\u00e3o \u00e9 Teu\u201d, sujeito a altera\u00e7\u00e3o de data e conte\u00fado.<\/p>\n<p>Novela \u201cMeu Cora\u00e7\u00e3o \u00e9 Teu\u201d: Ana Leal \u00e9 uma mulher alegre e otimista. Um desastre destr\u00f3i sua casa e Ana perde tudo o que tem. Fernando Lascur\u00e1in, um prestigiado empres\u00e1rio que se lembra com tristeza que h\u00e1 um ano morreu sua esposa. Fernando \u00e9 o pai de sete filhos: Fanny de 19 anos, Nando de 17 anos, Alicia de 14 anos, Sebasti\u00e3o de 11 anos, os g\u00eameos Alex e Guille de 8 anos e a pequena Luz de 4 anos. Estes sete \u201cpequenos\u201d se encarregaram de fazer a vida de dezenas de bab\u00e1s imposs\u00edvel, mas Fernando precisa urgentemente de uma bab\u00e1 que cuide de seus filhos.<\/p>\n<p>As necessidades e a vontade de se superar, levam Ana a buscar outro trabalho. Sua falta de experi\u00eancia, e sua educa\u00e7\u00e3o prec\u00e1ria complicam o processo de ela encontrar um trabalho est\u00e1vel. Mas o destino tem algo preparado a ela: por uma confus\u00e3o, Ana termina chegando \u00e0 mans\u00e3o Lascur\u00e1in sem saber que l\u00e1 encontrar\u00e1 tudo o que sempre sonhou.<\/p>\n","protected":false},"excerpt":{"rendered":"<p>Resumo da novela \u201cMeu Cora\u00e7\u00e3o \u00e9 Teu\u201d em 12\/12: no cap\u00edtulo 029(*) da novela, quinta-feira, 12 de dezembro, Ana est\u00e1 a ponto de impedir o casamento entre Fernando e Isabela, mas Diego evita que ela o fa\u00e7a. Johnny segue trancado e deprimido. O padre pergunta a Fernando se ele aceita Isabela como sua esposa. Ana [&hellip;]<\/p>\n","protected":false},"author":4,"featured_media":183928,"comment_status":"open","ping_status":"closed","sticky":false,"template":"","format":"standard","meta":{"_genesis_hide_title":false,"_genesis_hide_breadcrumbs":false,"_genesis_hide_singular_image":false,"_genesis_hide_footer_widgets":false,"_genesis_custom_body_class":"","_genesis_custom_post_class":"","_genesis_layout":"","_jetpack_memberships_contains_paid_content":false,"footnotes":""},"categories":[379,372,343],"tags":[441],"class_list":{"0":"post-185945","1":"post","2":"type-post","3":"status-publish","4":"format-standard","5":"has-post-thumbnail","7":"category-novelas","8":"category-sbt","9":"category-televisao","10":"tag-resumo-do-dia","11":"entry","12":"gs-1","13":"gs-odd","14":"gs-even","15":"gs-featured-content-entry"},"jetpack_featured_media_url":"https:\/\/www.redenoticia.com.br\/noticia\/imagens\/meu-coracao-e-teu-logo.jpg","jetpack_sharing_enabled":true,"jetpack_likes_enabled":true,"_links":{"self":[{"href":"https:\/\/www.redenoticia.com.br\/noticia\/wp-json\/wp\/v2\/posts\/185945","targetHints":{"allow":["GET"]}}],"collection":[{"href":"https:\/\/www.redenoticia.com.br\/noticia\/wp-json\/wp\/v2\/posts"}],"about":[{"href":"https:\/\/www.redenoticia.com.br\/noticia\/wp-json\/wp\/v2\/types\/post"}],"author":[{"embeddable":true,"href":"https:\/\/www.redenoticia.com.br\/noticia\/wp-json\/wp\/v2\/users\/4"}],"replies":[{"embeddable":true,"href":"https:\/\/www.redenoticia.com.br\/noticia\/wp-json\/wp\/v2\/comments?post=185945"}],"version-history":[{"count":0,"href":"https:\/\/www.redenoticia.com.br\/noticia\/wp-json\/wp\/v2\/posts\/185945\/revisions"}],"wp:featuredmedia":[{"embeddable":true,"href":"https:\/\/www.redenoticia.com.br\/noticia\/wp-json\/wp\/v2\/media\/183928"}],"wp:attachment":[{"href":"https:\/\/www.redenoticia.com.br\/noticia\/wp-json\/wp\/v2\/media?parent=185945"}],"wp:term":[{"taxonomy":"category","embeddable":true,"href":"https:\/\/www.redenoticia.com.br\/noticia\/wp-json\/wp\/v2\/categories?post=185945"},{"taxonomy":"post_tag","embeddable":true,"href":"https:\/\/www.redenoticia.com.br\/noticia\/wp-json\/wp\/v2\/tags?post=185945"}],"curies":[{"name":"wp","href":"https:\/\/api.w.org\/{rel}","templated":true}]}}