{"id":185844,"date":"2019-12-15T19:53:30","date_gmt":"2019-12-15T22:53:30","guid":{"rendered":"https:\/\/www.redenoticia.com.br\/noticia\/?p=185844"},"modified":"2019-12-15T19:53:52","modified_gmt":"2019-12-15T22:53:52","slug":"novela-eramos-seis-emilia-tira-adelaide-e-alfredo-da-prisao","status":"publish","type":"post","link":"https:\/\/www.redenoticia.com.br\/noticia\/2019\/novela-eramos-seis-emilia-tira-adelaide-e-alfredo-da-prisao\/185844","title":{"rendered":"Novela \u201c\u00c9ramos Seis\u201d: Em\u00edlia salva Adelaide e Alfredo"},"content":{"rendered":"<p><img loading=\"lazy\" decoding=\"async\" src=\"https:\/\/www.redenoticia.com.br\/noticia\/imagens\/eramos-seis-resumo-noticia-novela-02-300x300.jpg\" alt=\"\" width=\"300\" height=\"300\" class=\"aligncenter size-large wp-image-182542\" srcset=\"https:\/\/www.redenoticia.com.br\/noticia\/imagens\/eramos-seis-resumo-noticia-novela-02-300x300.jpg 300w, https:\/\/www.redenoticia.com.br\/noticia\/imagens\/eramos-seis-resumo-noticia-novela-02-187x187.jpg 187w, https:\/\/www.redenoticia.com.br\/noticia\/imagens\/eramos-seis-resumo-noticia-novela-02.jpg 524w\" sizes=\"auto, (max-width: 300px) 100vw, 300px\" \/> <strong><em>Novela \u201c\u00c9ramos Seis\u201d:<\/em><\/strong> Adelaide (Joana de Verona) irrita Em\u00edlia (Susana Vieira), dorme fora de casa, volta escoltada pela pol\u00edcia e diz que seduziu um rapaz. Em\u00edlia coloca a pol\u00edcia para vigiar a filha e, dias depois, Adelaide \u00e9 presa junto com Alfredo (Nicolas Prattes) em uma reuni\u00e3o pol\u00edtica no cabar\u00e9. Adelaide liga para Em\u00edlia e ela chega logo depois na delegacia. Em\u00edlia pede ao delegado para falar com o rapaz que foi preso com sua filha e se espanta: \u201cEnt\u00e3o \u00e9 voc\u00ea, Alfredo, o rapaz com quem Adelaide tem passado o tempo? O mec\u00e2nico?\u201d. O rapaz confirma e Adelaide n\u00e3o entende. <\/p>\n<p>O delegado diz: \u201cSe conhece sabe como \u00e9 o tipo. Est\u00e1 preso por desacato, mas fez pior. A sua filha est\u00e1 em p\u00e9ssima companhia, o rapaz \u00e9 um desordeiro, tem m\u00e1 \u00edndole\u201d. Em\u00edlia informa: \u201cDelegado Gusm\u00f5es\u2026 O rapaz, o Alfredo\u2026 \u00e9 meu sobrinho, delegado, meu sobrinho\u201d. Ao sa\u00edrem da cadeia, Adelaide provoca: \u201cDisse que ia apresentar meu flerte e foi o que fiz. S\u00f3 n\u00e3o esperava que fosse meu primo. Um primo! Como ia saber? Vivi exilada da fam\u00edlia!\u201d. Cena prevista para dia 16 de dezembro na novela \u201c\u00c9ramos Seis\u201d.<\/p>\n<p>\u201c\u00c9ramos Seis\u201d: Casada com J\u00falio (Antonio Calloni), Lola (Gloria Pires) \u00e9 uma esposa devotada e m\u00e3e de quatro filhos: Carlos (Xande Valois\/ Danilo Mesquita), o mais velho e motivo de orgulho para os pais; Alfredo (Pedro Sol\/ Nicolas Prattes), rebelde que vive se metendo em confus\u00f5es e tem ci\u00fames do irm\u00e3o; Isabel (Maju Lima\/ Giullia Buscacio), determinada e independente, \u00e9 a favorita do pai &#8211; por ser a \u00fanica filha mulher; e Julinho (Davi de Oliveira\/ Andr\u00e9 Luiz Frambach), o ca\u00e7ula da fam\u00edlia &#8211; que desde crian\u00e7a demonstra habilidade para lidar com dinheiro.<\/p>\n<p>A hist\u00f3ria come\u00e7a com Lola e J\u00falio passando sufoco para poder pagar as parcelas do casar\u00e3o que compraram em S\u00e3o Paulo. O primeiro bem do casal sai mais caro do que eles previam por causa dos alt\u00edssimos juros do financiamento banc\u00e1rio. O im\u00f3vel acaba gerando um impasse entre eles: para ela, o local \u00e9 a alma da fam\u00edlia. Para ele, um empecilho para melhorar de vida.<\/p>\n","protected":false},"excerpt":{"rendered":"<p>Novela \u201c\u00c9ramos Seis\u201d: Adelaide (Joana de Verona) irrita Em\u00edlia (Susana Vieira), dorme fora de casa, volta escoltada pela pol\u00edcia e diz que seduziu um rapaz. Em\u00edlia coloca a pol\u00edcia para vigiar a filha e, dias depois, Adelaide \u00e9 presa junto com Alfredo (Nicolas Prattes) em uma reuni\u00e3o pol\u00edtica no cabar\u00e9. Adelaide liga para Em\u00edlia e [&hellip;]<\/p>\n","protected":false},"author":2,"featured_media":184550,"comment_status":"open","ping_status":"closed","sticky":false,"template":"","format":"standard","meta":{"_genesis_hide_title":false,"_genesis_hide_breadcrumbs":false,"_genesis_hide_singular_image":false,"_genesis_hide_footer_widgets":false,"_genesis_custom_body_class":"","_genesis_custom_post_class":"","_genesis_layout":"","_jetpack_memberships_contains_paid_content":false,"footnotes":""},"categories":[388,548,379,375,343],"tags":[440],"class_list":{"0":"post-185844","1":"post","2":"type-post","3":"status-publish","4":"format-standard","5":"has-post-thumbnail","7":"category-destaques","8":"category-eramos-seis","9":"category-novelas","10":"category-rede-globo","11":"category-televisao","12":"tag-noticia-novela","13":"entry","14":"gs-1","15":"gs-odd","16":"gs-even","17":"gs-featured-content-entry"},"jetpack_featured_media_url":"https:\/\/www.redenoticia.com.br\/noticia\/imagens\/eramos-seis-alfredo.jpg","jetpack_sharing_enabled":true,"jetpack_likes_enabled":true,"_links":{"self":[{"href":"https:\/\/www.redenoticia.com.br\/noticia\/wp-json\/wp\/v2\/posts\/185844","targetHints":{"allow":["GET"]}}],"collection":[{"href":"https:\/\/www.redenoticia.com.br\/noticia\/wp-json\/wp\/v2\/posts"}],"about":[{"href":"https:\/\/www.redenoticia.com.br\/noticia\/wp-json\/wp\/v2\/types\/post"}],"author":[{"embeddable":true,"href":"https:\/\/www.redenoticia.com.br\/noticia\/wp-json\/wp\/v2\/users\/2"}],"replies":[{"embeddable":true,"href":"https:\/\/www.redenoticia.com.br\/noticia\/wp-json\/wp\/v2\/comments?post=185844"}],"version-history":[{"count":0,"href":"https:\/\/www.redenoticia.com.br\/noticia\/wp-json\/wp\/v2\/posts\/185844\/revisions"}],"wp:featuredmedia":[{"embeddable":true,"href":"https:\/\/www.redenoticia.com.br\/noticia\/wp-json\/wp\/v2\/media\/184550"}],"wp:attachment":[{"href":"https:\/\/www.redenoticia.com.br\/noticia\/wp-json\/wp\/v2\/media?parent=185844"}],"wp:term":[{"taxonomy":"category","embeddable":true,"href":"https:\/\/www.redenoticia.com.br\/noticia\/wp-json\/wp\/v2\/categories?post=185844"},{"taxonomy":"post_tag","embeddable":true,"href":"https:\/\/www.redenoticia.com.br\/noticia\/wp-json\/wp\/v2\/tags?post=185844"}],"curies":[{"name":"wp","href":"https:\/\/api.w.org\/{rel}","templated":true}]}}