{"id":185725,"date":"2019-12-07T18:31:14","date_gmt":"2019-12-07T21:31:14","guid":{"rendered":"https:\/\/www.redenoticia.com.br\/noticia\/?p=185725"},"modified":"2019-12-07T18:35:13","modified_gmt":"2019-12-07T21:35:13","slug":"novela-eramos-seis-emilia-investiga-acompanhante-da-filha-sem-saber-que-e-alfredo","status":"publish","type":"post","link":"https:\/\/www.redenoticia.com.br\/noticia\/2019\/novela-eramos-seis-emilia-investiga-acompanhante-da-filha-sem-saber-que-e-alfredo\/185725","title":{"rendered":"Novela \u201c\u00c9ramos Seis\u201d: Em\u00edlia investiga acompanhante da filha sem saber que \u00e9 Alfredo"},"content":{"rendered":"<p><img loading=\"lazy\" decoding=\"async\" src=\"https:\/\/www.redenoticia.com.br\/noticia\/imagens\/eramos-seis-resumo-noticia-novela-02-300x300.jpg\" alt=\"\" width=\"300\" height=\"300\" class=\"aligncenter size-large wp-image-182542\" srcset=\"https:\/\/www.redenoticia.com.br\/noticia\/imagens\/eramos-seis-resumo-noticia-novela-02-300x300.jpg 300w, https:\/\/www.redenoticia.com.br\/noticia\/imagens\/eramos-seis-resumo-noticia-novela-02-187x187.jpg 187w, https:\/\/www.redenoticia.com.br\/noticia\/imagens\/eramos-seis-resumo-noticia-novela-02.jpg 524w\" sizes=\"auto, (max-width: 300px) 100vw, 300px\" \/> <strong><em>Novela \u201c\u00c9ramos Seis\u201d:<\/em><\/strong> Em\u00edlia (Susana Vieira) discorda das ideias feministas de Adelaide (Joana de Verona) e picota os livros da filha. A jovem fica chateada e resolve viajar com Alfredo (Nicolas Prattes), sem dar detalhes para a m\u00e3e. Procupada com o sumi\u00e7o de Adelaide, Em\u00edlia chama a pol\u00edcia, que encontra Adelaide voltando sozinha de Santos e a escolta at\u00e9 sua casa. Em\u00edlia e o delegado querem saber quem a acompanhou: \u201cNome do sedutor? Mam\u00e3e, que coisa mais atrasada. Sinto muito decepcion\u00e1-los, mas se algu\u00e9m seduziu algu\u00e9m fui eu&#8221;. <\/p>\n<p>Depois do susto, Em\u00edlia decide investigar para saber quem \u00e9 o acompanhante da filha. Sem desconfiar que o homem misterioso \u00e9 Alfredo, Em\u00edlia pede ajuda do delegado: \u201cAcredito que minha filha Adelaide tem a integridade amea\u00e7ada, doutor. \u00c9 estrangeira na cidade, com h\u00e1bitos importados. N\u00e3o est\u00e1 acostumada com os aproveitadores daqui. Adelaide disse que vai encontrar um sujeito hoje. Preciso que me descubra quem \u00e9\u201d.<\/p>\n<p>Higino (Thiago Justino) avisa Adelaide e ela percebe a presen\u00e7a dos policiais: \u201cDelegado. Comprei um presente pro senhor, um livro de uma de nossas escritoras, Maria Lacerda de Moura, pra se ilustrar enquanto acha que pode vigiar uma mulher. Passar bem.\u201d. Ela desiste do encontro com Alfredo. Cena prevista para dia 12 de dezembro na novela \u201c\u00c9ramos Seis\u201d.<\/p>\n<p>\u201c\u00c9ramos Seis\u201d: Casada com J\u00falio (Antonio Calloni), Lola (Gloria Pires) \u00e9 uma esposa devotada e m\u00e3e de quatro filhos: Carlos (Xande Valois\/ Danilo Mesquita), o mais velho e motivo de orgulho para os pais; Alfredo (Pedro Sol\/ Nicolas Prattes), rebelde que vive se metendo em confus\u00f5es e tem ci\u00fames do irm\u00e3o; Isabel (Maju Lima\/ Giullia Buscacio), determinada e independente, \u00e9 a favorita do pai &#8211; por ser a \u00fanica filha mulher; e Julinho (Davi de Oliveira\/ Andr\u00e9 Luiz Frambach), o ca\u00e7ula da fam\u00edlia &#8211; que desde crian\u00e7a demonstra habilidade para lidar com dinheiro.<\/p>\n<p>A hist\u00f3ria come\u00e7a com Lola e J\u00falio passando sufoco para poder pagar as parcelas do casar\u00e3o que compraram em S\u00e3o Paulo. O primeiro bem do casal sai mais caro do que eles previam por causa dos alt\u00edssimos juros do financiamento banc\u00e1rio. O im\u00f3vel acaba gerando um impasse entre eles: para ela, o local \u00e9 a alma da fam\u00edlia. Para ele, um empecilho para melhorar de vida.<\/p>\n","protected":false},"excerpt":{"rendered":"<p>Novela \u201c\u00c9ramos Seis\u201d: Em\u00edlia (Susana Vieira) discorda das ideias feministas de Adelaide (Joana de Verona) e picota os livros da filha. A jovem fica chateada e resolve viajar com Alfredo (Nicolas Prattes), sem dar detalhes para a m\u00e3e. Procupada com o sumi\u00e7o de Adelaide, Em\u00edlia chama a pol\u00edcia, que encontra Adelaide voltando sozinha de Santos [&hellip;]<\/p>\n","protected":false},"author":2,"featured_media":184550,"comment_status":"open","ping_status":"closed","sticky":false,"template":"","format":"standard","meta":{"_genesis_hide_title":false,"_genesis_hide_breadcrumbs":false,"_genesis_hide_singular_image":false,"_genesis_hide_footer_widgets":false,"_genesis_custom_body_class":"","_genesis_custom_post_class":"","_genesis_layout":"","_jetpack_memberships_contains_paid_content":false,"footnotes":""},"categories":[388,548,379,375,343],"tags":[440],"class_list":{"0":"post-185725","1":"post","2":"type-post","3":"status-publish","4":"format-standard","5":"has-post-thumbnail","7":"category-destaques","8":"category-eramos-seis","9":"category-novelas","10":"category-rede-globo","11":"category-televisao","12":"tag-noticia-novela","13":"entry","14":"gs-1","15":"gs-odd","16":"gs-even","17":"gs-featured-content-entry"},"jetpack_featured_media_url":"https:\/\/www.redenoticia.com.br\/noticia\/imagens\/eramos-seis-alfredo.jpg","jetpack_sharing_enabled":true,"jetpack_likes_enabled":true,"_links":{"self":[{"href":"https:\/\/www.redenoticia.com.br\/noticia\/wp-json\/wp\/v2\/posts\/185725","targetHints":{"allow":["GET"]}}],"collection":[{"href":"https:\/\/www.redenoticia.com.br\/noticia\/wp-json\/wp\/v2\/posts"}],"about":[{"href":"https:\/\/www.redenoticia.com.br\/noticia\/wp-json\/wp\/v2\/types\/post"}],"author":[{"embeddable":true,"href":"https:\/\/www.redenoticia.com.br\/noticia\/wp-json\/wp\/v2\/users\/2"}],"replies":[{"embeddable":true,"href":"https:\/\/www.redenoticia.com.br\/noticia\/wp-json\/wp\/v2\/comments?post=185725"}],"version-history":[{"count":0,"href":"https:\/\/www.redenoticia.com.br\/noticia\/wp-json\/wp\/v2\/posts\/185725\/revisions"}],"wp:featuredmedia":[{"embeddable":true,"href":"https:\/\/www.redenoticia.com.br\/noticia\/wp-json\/wp\/v2\/media\/184550"}],"wp:attachment":[{"href":"https:\/\/www.redenoticia.com.br\/noticia\/wp-json\/wp\/v2\/media?parent=185725"}],"wp:term":[{"taxonomy":"category","embeddable":true,"href":"https:\/\/www.redenoticia.com.br\/noticia\/wp-json\/wp\/v2\/categories?post=185725"},{"taxonomy":"post_tag","embeddable":true,"href":"https:\/\/www.redenoticia.com.br\/noticia\/wp-json\/wp\/v2\/tags?post=185725"}],"curies":[{"name":"wp","href":"https:\/\/api.w.org\/{rel}","templated":true}]}}