{"id":185672,"date":"2019-12-05T12:13:43","date_gmt":"2019-12-05T15:13:43","guid":{"rendered":"https:\/\/www.redenoticia.com.br\/noticia\/?p=185672"},"modified":"2019-12-05T19:56:24","modified_gmt":"2019-12-05T22:56:24","slug":"resumo-novela-avenida-brasil-06-12-carminha-ve-jorginho-com-betania","status":"publish","type":"post","link":"https:\/\/www.redenoticia.com.br\/noticia\/2019\/resumo-novela-avenida-brasil-06-12-carminha-ve-jorginho-com-betania\/185672","title":{"rendered":"Resumo novela \u201cAvenida Brasil\u201d 06\/12: Carminha v\u00ea Jorginho com Bet\u00e2nia"},"content":{"rendered":"<p><img loading=\"lazy\" decoding=\"async\" src=\"https:\/\/www.redenoticia.com.br\/noticia\/imagens\/avenida-brasil-resumo-capitulo-01-348x300.jpg\" alt=\"\" width=\"348\" height=\"300\" class=\"aligncenter size-large wp-image-182543\" srcset=\"https:\/\/www.redenoticia.com.br\/noticia\/imagens\/avenida-brasil-resumo-capitulo-01-348x300.jpg 348w, https:\/\/www.redenoticia.com.br\/noticia\/imagens\/avenida-brasil-resumo-capitulo-01-217x187.jpg 217w, https:\/\/www.redenoticia.com.br\/noticia\/imagens\/avenida-brasil-resumo-capitulo-01-534x462.jpg 534w, https:\/\/www.redenoticia.com.br\/noticia\/imagens\/avenida-brasil-resumo-capitulo-01.jpg 590w\" sizes=\"auto, (max-width: 348px) 100vw, 348px\" \/><\/p>\n<p><strong><em>Resumo novela \u201cAvenida Brasil\u201d 06\/12<\/em><\/strong>: no cap\u00edtulo 045(*) da novela, sexta-feira, 06 de dezembro, Jorginho amea\u00e7a entregar Nina para a sua fam\u00edlia. Max vai ao encontro de Carminha no apartamento de Nina. Iran resgata Suelen do apartamento de Adauto. Carminha comenta com Nina que n\u00e3o acredita que Rita tenha ido embora. Suelen afirma que n\u00e3o voltar\u00e1 para a casa de Di\u00f3genes. Zez\u00e9 desconfia ao ver que Nina ganhou uma pulseira de Carminha. Jorginho cobra de Lucinda a verdade sobre Nina.<\/p>\n<p>Suelen procura Muricy. Jorginho vai falar com Valdo. Leleco desconfia de Sidney. Iran amea\u00e7a contar para Monalisa a farsa de Silas se ele impedir Suelen de entrar em casa. Zez\u00e9 alerta Carminha que Jorginho se encontrar\u00e1 com Rita, e Nina tenta avisar a Bet\u00e2nia. Ver\u00f4nica diz para Cadinho que sabe de seu caso com Alexia. Carminha v\u00ea Jorginho conversando com Bet\u00e2nia.<\/p>\n<p>(*) edi\u00e7\u00e3o da Rede Globo, Novela \u201cAvenida Brasil\u201d, sujeito a altera\u00e7\u00e3o de data e conte\u00fado.<\/p>\n<p>&#8220;Avenida Brasil&#8221; conta a hist\u00f3ria de uma jovem que, desde os 11 anos, planeja um acerto de contas com a madrasta. Rita (Mel Maia), \u00f3rf\u00e3 de m\u00e3e, era criada, com muito amor, pelo pai Gen\u00e9sio (Tony Ramos). Tudo muda quando ele se casa com Carmen L\u00facia, a Carminha (Adriana Esteves), uma mulher ambiciosa e dissimulada. Com Gen\u00e9sio, ela se passava por esposa doce e dedicada; com Rita, era uma madrasta m\u00e1.<\/p>\n<p>A menina entra em desespero ao descobrir, ap\u00f3s ouvir uma conversa da madrasta ao telefone, que Carminha est\u00e1 armando um golpe contra seu pai: ele ser\u00e1 abordado na sa\u00edda do banco, logo ap\u00f3s receber o pagamento pela venda da casa onde mora com a filha e a nova esposa. A transa\u00e7\u00e3o \u00e9 ideia de Carminha. Gen\u00e9sio titubeia, afinal a casa \u00e9 heran\u00e7a da falecida esposa, mas decide vender o patrim\u00f4nio para comprar outra casa. Carminha n\u00e3o arquitetou nada sozinha na novela &#8220;Avenida Brasil&#8221;. Cada passo foi acompanhado por Max (Marcello Novaes), seu amante e parceiro em golpes. Tendo ouvido o plano, Rita corre para alertar o pai, mas ele acha que a hist\u00f3ria n\u00e3o passa de implic\u00e2ncia da filha com a madrasta e, aparentemente, n\u00e3o a leva a s\u00e9rio.<\/p>\n","protected":false},"excerpt":{"rendered":"<p>Resumo novela \u201cAvenida Brasil\u201d 06\/12: no cap\u00edtulo 045(*) da novela, sexta-feira, 06 de dezembro, Jorginho amea\u00e7a entregar Nina para a sua fam\u00edlia. Max vai ao encontro de Carminha no apartamento de Nina. Iran resgata Suelen do apartamento de Adauto. Carminha comenta com Nina que n\u00e3o acredita que Rita tenha ido embora. Suelen afirma que n\u00e3o [&hellip;]<\/p>\n","protected":false},"author":4,"featured_media":182544,"comment_status":"open","ping_status":"closed","sticky":false,"template":"","format":"standard","meta":{"_genesis_hide_title":false,"_genesis_hide_breadcrumbs":false,"_genesis_hide_singular_image":false,"_genesis_hide_footer_widgets":false,"_genesis_custom_body_class":"","_genesis_custom_post_class":"","_genesis_layout":"","_jetpack_memberships_contains_paid_content":false,"footnotes":""},"categories":[549,379,375,343],"tags":[441],"class_list":{"0":"post-185672","1":"post","2":"type-post","3":"status-publish","4":"format-standard","5":"has-post-thumbnail","7":"category-avenida-brasil","8":"category-novelas","9":"category-rede-globo","10":"category-televisao","11":"tag-resumo-do-dia","12":"entry","13":"gs-1","14":"gs-odd","15":"gs-even","16":"gs-featured-content-entry"},"jetpack_featured_media_url":"https:\/\/www.redenoticia.com.br\/noticia\/imagens\/avenida-brasil-logo.jpg","jetpack_sharing_enabled":true,"jetpack_likes_enabled":true,"_links":{"self":[{"href":"https:\/\/www.redenoticia.com.br\/noticia\/wp-json\/wp\/v2\/posts\/185672","targetHints":{"allow":["GET"]}}],"collection":[{"href":"https:\/\/www.redenoticia.com.br\/noticia\/wp-json\/wp\/v2\/posts"}],"about":[{"href":"https:\/\/www.redenoticia.com.br\/noticia\/wp-json\/wp\/v2\/types\/post"}],"author":[{"embeddable":true,"href":"https:\/\/www.redenoticia.com.br\/noticia\/wp-json\/wp\/v2\/users\/4"}],"replies":[{"embeddable":true,"href":"https:\/\/www.redenoticia.com.br\/noticia\/wp-json\/wp\/v2\/comments?post=185672"}],"version-history":[{"count":0,"href":"https:\/\/www.redenoticia.com.br\/noticia\/wp-json\/wp\/v2\/posts\/185672\/revisions"}],"wp:featuredmedia":[{"embeddable":true,"href":"https:\/\/www.redenoticia.com.br\/noticia\/wp-json\/wp\/v2\/media\/182544"}],"wp:attachment":[{"href":"https:\/\/www.redenoticia.com.br\/noticia\/wp-json\/wp\/v2\/media?parent=185672"}],"wp:term":[{"taxonomy":"category","embeddable":true,"href":"https:\/\/www.redenoticia.com.br\/noticia\/wp-json\/wp\/v2\/categories?post=185672"},{"taxonomy":"post_tag","embeddable":true,"href":"https:\/\/www.redenoticia.com.br\/noticia\/wp-json\/wp\/v2\/tags?post=185672"}],"curies":[{"name":"wp","href":"https:\/\/api.w.org\/{rel}","templated":true}]}}