{"id":185576,"date":"2019-12-03T12:01:39","date_gmt":"2019-12-03T15:01:39","guid":{"rendered":"https:\/\/www.redenoticia.com.br\/noticia\/?p=185576"},"modified":"2019-12-03T12:47:57","modified_gmt":"2019-12-03T15:47:57","slug":"resumo-novela-cumplices-de-um-resgate-04-12-regina-coloca-grades-no-quarto-de-isabela","status":"publish","type":"post","link":"https:\/\/www.redenoticia.com.br\/noticia\/2019\/resumo-novela-cumplices-de-um-resgate-04-12-regina-coloca-grades-no-quarto-de-isabela\/185576","title":{"rendered":"Resumo novela \u201cC\u00famplices de um Resgate\u201d 04\/12: Lurdinha recebe flores"},"content":{"rendered":"<p><img loading=\"lazy\" decoding=\"async\" class=\"aligncenter size-large wp-image-164526\" src=\"https:\/\/www.redenoticia.com.br\/noticia\/imagens\/cumplices-de-um-resgate-001-316x300.jpg\" alt=\"\" width=\"316\" height=\"300\" srcset=\"https:\/\/www.redenoticia.com.br\/noticia\/imagens\/cumplices-de-um-resgate-001-316x300.jpg 316w, https:\/\/www.redenoticia.com.br\/noticia\/imagens\/cumplices-de-um-resgate-001-197x187.jpg 197w, https:\/\/www.redenoticia.com.br\/noticia\/imagens\/cumplices-de-um-resgate-001-150x143.jpg 150w, https:\/\/www.redenoticia.com.br\/noticia\/imagens\/cumplices-de-um-resgate-001.jpg 526w\" sizes=\"auto, (max-width: 316px) 100vw, 316px\" \/><\/p>\n<p><strong><em>Resumo novela \u201cC\u00famplices de um Resgate\u201d 04\/12<\/em><\/strong>: no cap\u00edtulo 239(*) da novela, quarta-feira, 04 de dezembro, Safira vai embora antes do jantar ser servido, mas o suficiente para Priscila ficar feliz em passar bons momentos ao lado da m\u00e3e. A adolescente posta na internet que teve um dos melhores dias de sua vida. Rebeca faz uma ora\u00e7\u00e3o para Manuela, que na verdade \u00e9 Isabela. Regina coloca grades na sacada do quarto de Isabela. Lurdinha recebe um buqu\u00ea de flores, mas sem envelope. Frederico aparece e diz que ele que enviou para elas e decidiu falar pessoalmente o que gostaria de escrever: \u201cEsse \u00e9 o meu pedido de desculpa\u201d.<\/p>\n<p>Ela diz para ele voltar para a mesa dele e levar as flores junto. Safira pede para Ot\u00e1vio aumento no sal\u00e1rio de Tomas. Omar come\u00e7a a trabalhar como coroinha da Igreja Cat\u00f3lica. O Padre explica que ele precisa ser cuidadoso com tudo. Sabrina tamb\u00e9m decide ficar na igreja para ficar pr\u00f3xima de Omar. Joaquim vai conversar com Manuela, mas fica na d\u00favida se faz a declara\u00e7\u00e3o ou n\u00e3o.<\/p>\n<p>Manuela conta que abra\u00e7ou T\u00e9o no vilarejo e que disse o quanto o amigo \u00e9 especial. Joaquim entende errado e desiste de se declarar. Todos v\u00e3o para a igreja. O Padre Lutero dedica \u00e0 missa para a recupera\u00e7\u00e3o de Fiorina. Arthur interrompe o ensaio da C1R e anuncia que a gravadora possui uma nova assessora de imprensa, Regina. Omar trope\u00e7a e se suja de vinho durante a missa. Revoltado o garoto sai da igreja e o Padre vai atr\u00e1s dele.<\/p>\n<p>(*) edi\u00e7\u00e3o do SBT, Novela \u201cC\u00famplices de um Resgate\u201d, sujeito a altera\u00e7\u00e3o de data e conte\u00fado.<\/p>\n<p>\u201cC\u00famplices de um Resgate\u201d &#8211; Duas irm\u00e3s g\u00eameas univitelinas que foram separadas ap\u00f3s nascimento, se reencontram somente ap\u00f3s doze anos. Manuela, uma das g\u00eameas, \u00e9 doce, meiga, gentil, e muito talentosa para a m\u00fasica e tem uma voz encantadora. Vive uma vida feliz no Vilarejo dos Sonhos, onde mora com sua av\u00f3 Nina, sua tia Helena e sua m\u00e3e Rebeca, que d\u00e1 muito amor e carinho a filha por ela nunca ter tido um pai, e ela \u00e9 a m\u00e3e biol\u00f3gica das duas garotas, mas nunca soube que teve g\u00eameas.<\/p>\n","protected":false},"excerpt":{"rendered":"<p>Resumo novela \u201cC\u00famplices de um Resgate\u201d 04\/12: no cap\u00edtulo 239(*) da novela, quarta-feira, 04 de dezembro, Safira vai embora antes do jantar ser servido, mas o suficiente para Priscila ficar feliz em passar bons momentos ao lado da m\u00e3e. A adolescente posta na internet que teve um dos melhores dias de sua vida. Rebeca faz [&hellip;]<\/p>\n","protected":false},"author":4,"featured_media":164526,"comment_status":"open","ping_status":"closed","sticky":false,"template":"","format":"standard","meta":{"_genesis_hide_title":false,"_genesis_hide_breadcrumbs":false,"_genesis_hide_singular_image":false,"_genesis_hide_footer_widgets":false,"_genesis_custom_body_class":"","_genesis_custom_post_class":"","_genesis_layout":"","_jetpack_memberships_contains_paid_content":false,"footnotes":""},"categories":[379,372,343],"tags":[441],"class_list":{"0":"post-185576","1":"post","2":"type-post","3":"status-publish","4":"format-standard","5":"has-post-thumbnail","7":"category-novelas","8":"category-sbt","9":"category-televisao","10":"tag-resumo-do-dia","11":"entry","12":"gs-1","13":"gs-odd","14":"gs-even","15":"gs-featured-content-entry"},"jetpack_featured_media_url":"https:\/\/www.redenoticia.com.br\/noticia\/imagens\/cumplices-de-um-resgate-001.jpg","jetpack_sharing_enabled":true,"jetpack_likes_enabled":true,"_links":{"self":[{"href":"https:\/\/www.redenoticia.com.br\/noticia\/wp-json\/wp\/v2\/posts\/185576","targetHints":{"allow":["GET"]}}],"collection":[{"href":"https:\/\/www.redenoticia.com.br\/noticia\/wp-json\/wp\/v2\/posts"}],"about":[{"href":"https:\/\/www.redenoticia.com.br\/noticia\/wp-json\/wp\/v2\/types\/post"}],"author":[{"embeddable":true,"href":"https:\/\/www.redenoticia.com.br\/noticia\/wp-json\/wp\/v2\/users\/4"}],"replies":[{"embeddable":true,"href":"https:\/\/www.redenoticia.com.br\/noticia\/wp-json\/wp\/v2\/comments?post=185576"}],"version-history":[{"count":0,"href":"https:\/\/www.redenoticia.com.br\/noticia\/wp-json\/wp\/v2\/posts\/185576\/revisions"}],"wp:featuredmedia":[{"embeddable":true,"href":"https:\/\/www.redenoticia.com.br\/noticia\/wp-json\/wp\/v2\/media\/164526"}],"wp:attachment":[{"href":"https:\/\/www.redenoticia.com.br\/noticia\/wp-json\/wp\/v2\/media?parent=185576"}],"wp:term":[{"taxonomy":"category","embeddable":true,"href":"https:\/\/www.redenoticia.com.br\/noticia\/wp-json\/wp\/v2\/categories?post=185576"},{"taxonomy":"post_tag","embeddable":true,"href":"https:\/\/www.redenoticia.com.br\/noticia\/wp-json\/wp\/v2\/tags?post=185576"}],"curies":[{"name":"wp","href":"https:\/\/api.w.org\/{rel}","templated":true}]}}