{"id":18542,"date":"2009-11-26T20:23:02","date_gmt":"2009-11-27T00:23:02","guid":{"rendered":"http:\/\/www.redenoticia.com.br\/noticia\/?p=18542"},"modified":"2009-11-26T20:23:02","modified_gmt":"2009-11-27T00:23:02","slug":"fazenda-2-quarta-feira-foi-dia-de-ganhar-carro-e-fazer-intriga-no-programa-da-rede-record","status":"publish","type":"post","link":"https:\/\/www.redenoticia.com.br\/noticia\/2009\/fazenda-2-quarta-feira-foi-dia-de-ganhar-carro-e-fazer-intriga-no-programa-da-rede-record\/18542","title":{"rendered":"Fazenda 2: Quarta feira foi dia de ganhar carro e fazer intriga no programa da Rede Record"},"content":{"rendered":"<p>Hoje, dia 26, os pe\u00f5es ainda estavam se recuperando da Ro\u00e7a e nada melhor que falar mal dos votos dos companheiros, principalmente do fazendeiro Mateus que escolheu o Xuxa para a ro\u00e7a justificando que foi porque ele \u00e9 muito amigo. Quem mais se esfor\u00e7ou para fazer a cabe\u00e7a do Xuxa foi o Caco Ricci, mas parece que foi perda de tempo pois o nadador n\u00e3o perdeu a tranq\u00fcilidade em nenhum momento. Alias Xuxa e Sheila Mello est\u00e3o cada vez mais entrosados. Ser\u00e1 que vai ficar s\u00f3 na amizade?<\/p>\n<p>A tarde teve concurso para ganhar um carro. A produ\u00e7\u00e3o escondeu 4 objetos usados na praia. Quem achasse participaria do concurso. Os felizardos foram o Leozinho, Karina, Sheila e Bombom e mais o fazendeiro Mateus, afinal fazendeiro \u00e9 s\u00f3 vantagem.<\/p>\n<p>Na competi\u00e7\u00e3o os pe\u00f5es tinham que colocar bonecos que representavam uma fam\u00edlia dentro do carro. Quem o fizesse em menor tempo ganhava o ve\u00edculo. Mateus come\u00e7ou e foi muito mal, depois Leozinho, Karina e Sheila foram diminuindo o tempo at\u00e9 chegar a vez da Bombom, que se esfor\u00e7ou mas n\u00e3o conseguiu ganhar da Sheila Mello que ganhou o carro do patrocinador.<\/p>\n<p>Vale destacar que a disc\u00f3rdia continua a prosperar e hoje a culpada foi a cozinha, j\u00e1 que quase ningu\u00e9m ajuda na arruma\u00e7\u00e3o. Leozinho e Bombom reclamaram muito hoje pela falta de colabora\u00e7\u00e3o e pediram providencias para o Mateus.<\/p>\n","protected":false},"excerpt":{"rendered":"<p>Hoje, dia 26, os pe\u00f5es ainda estavam se recuperando da Ro\u00e7a e nada melhor que falar mal dos votos dos companheiros, principalmente do fazendeiro Mateus que escolheu o Xuxa para a ro\u00e7a justificando que foi porque ele \u00e9 muito amigo. Quem mais se esfor\u00e7ou para fazer a cabe\u00e7a do Xuxa foi o Caco Ricci, mas [&hellip;]<\/p>\n","protected":false},"author":2,"featured_media":0,"comment_status":"open","ping_status":"open","sticky":false,"template":"","format":"standard","meta":{"_genesis_hide_title":false,"_genesis_hide_breadcrumbs":false,"_genesis_hide_singular_image":false,"_genesis_hide_footer_widgets":false,"_genesis_custom_body_class":"","_genesis_custom_post_class":"","_genesis_layout":"","_jetpack_memberships_contains_paid_content":false,"footnotes":""},"categories":[371,343],"tags":[],"class_list":{"0":"post-18542","1":"post","2":"type-post","3":"status-publish","4":"format-standard","6":"category-rede-record","7":"category-televisao","8":"entry","9":"gs-1","10":"gs-odd","11":"gs-even","12":"gs-featured-content-entry"},"jetpack_featured_media_url":"","jetpack_sharing_enabled":true,"jetpack_likes_enabled":true,"_links":{"self":[{"href":"https:\/\/www.redenoticia.com.br\/noticia\/wp-json\/wp\/v2\/posts\/18542","targetHints":{"allow":["GET"]}}],"collection":[{"href":"https:\/\/www.redenoticia.com.br\/noticia\/wp-json\/wp\/v2\/posts"}],"about":[{"href":"https:\/\/www.redenoticia.com.br\/noticia\/wp-json\/wp\/v2\/types\/post"}],"author":[{"embeddable":true,"href":"https:\/\/www.redenoticia.com.br\/noticia\/wp-json\/wp\/v2\/users\/2"}],"replies":[{"embeddable":true,"href":"https:\/\/www.redenoticia.com.br\/noticia\/wp-json\/wp\/v2\/comments?post=18542"}],"version-history":[{"count":0,"href":"https:\/\/www.redenoticia.com.br\/noticia\/wp-json\/wp\/v2\/posts\/18542\/revisions"}],"wp:attachment":[{"href":"https:\/\/www.redenoticia.com.br\/noticia\/wp-json\/wp\/v2\/media?parent=18542"}],"wp:term":[{"taxonomy":"category","embeddable":true,"href":"https:\/\/www.redenoticia.com.br\/noticia\/wp-json\/wp\/v2\/categories?post=18542"},{"taxonomy":"post_tag","embeddable":true,"href":"https:\/\/www.redenoticia.com.br\/noticia\/wp-json\/wp\/v2\/tags?post=18542"}],"curies":[{"name":"wp","href":"https:\/\/api.w.org\/{rel}","templated":true}]}}