{"id":185399,"date":"2019-11-29T14:15:58","date_gmt":"2019-11-29T17:15:58","guid":{"rendered":"https:\/\/www.redenoticia.com.br\/noticia\/?p=185399"},"modified":"2019-11-29T14:15:58","modified_gmt":"2019-11-29T17:15:58","slug":"novela-eramos-seis-marion-se-despede-dos-amigos-e-beija-almeida","status":"publish","type":"post","link":"https:\/\/www.redenoticia.com.br\/noticia\/2019\/novela-eramos-seis-marion-se-despede-dos-amigos-e-beija-almeida\/185399","title":{"rendered":"Novela \u201c\u00c9ramos Seis\u201d: Marion se despede dos amigos e beija Almeida"},"content":{"rendered":"<p><img loading=\"lazy\" decoding=\"async\" src=\"https:\/\/www.redenoticia.com.br\/noticia\/imagens\/eramos-seis-familia-301x300.jpg\" alt=\"\" width=\"301\" height=\"300\" class=\"aligncenter size-large wp-image-184321\" srcset=\"https:\/\/www.redenoticia.com.br\/noticia\/imagens\/eramos-seis-familia-301x300.jpg 301w, https:\/\/www.redenoticia.com.br\/noticia\/imagens\/eramos-seis-familia-187x187.jpg 187w, https:\/\/www.redenoticia.com.br\/noticia\/imagens\/eramos-seis-familia-150x150.jpg 150w, https:\/\/www.redenoticia.com.br\/noticia\/imagens\/eramos-seis-familia-140x140.jpg 140w, https:\/\/www.redenoticia.com.br\/noticia\/imagens\/eramos-seis-familia-85x85.jpg 85w, https:\/\/www.redenoticia.com.br\/noticia\/imagens\/eramos-seis-familia.jpg 525w\" sizes=\"auto, (max-width: 301px) 100vw, 301px\" \/><strong><em>Novela \u201c\u00c9ramos Seis\u201d:<\/em><\/strong> ap\u00f3s o enterro do marido, Lola (Gloria Pires) questiona Almeida (Ricardo Pereira), descobre que J\u00falio (Antonio Calloni) era amante de Marion (Ellen Rocche) e que Alfredo (Nicolas Prattes) est\u00e1 apaixonado pela dan\u00e7arina. Lola visita Marion no cabar\u00e9 e pede para ela se afastar do filho.<\/p>\n<p>Logo depois, Marion aparece com suas malas no cabar\u00e9, Alaor (Nilson Nunes) estranha e ela diz: \u201cTenho conhecidos no Rio de Janeiro\u2026 vou recome\u00e7ar minha vida l\u00e1 &#8230; preciso ter outra vida longe dessa. Me d\u00e1 um abra\u00e7o?\u201d. Ela procura Almeida e se despede: \u201cN\u00e3o queria ir embora antes de me despedir de voc\u00ea. Sempre foi gentil comigo. Me sobrou um p\u00e9 de meia, coisa pouca, resolvi recome\u00e7ar em outro lugar, largar a vida. J\u00e1 n\u00e3o tenho mais idade pra noite\u201d.<\/p>\n<p>Almeida confessa que confirmou a Lola que ela era amante de J\u00falio e Marion diz: \u201cFez bem, cartas na mesa. Mas eu vou por minha causa. Aqui n\u00e3o serei feliz. Ser\u00e1 que fica mal eu lhe dar um beijo de despedida?\u201d. Ela o beijo no rosto e ele a leva at\u00e9 o ponto de bonde. Cena prevista para dia 05 de dezembro na novela \u201c\u00c9ramos Seis\u201d.<\/p>\n<p>\u201c\u00c9ramos Seis\u201d: Casada com J\u00falio (Antonio Calloni), Lola (Gloria Pires) \u00e9 uma esposa devotada e m\u00e3e de quatro filhos: Carlos (Xande Valois\/ Danilo Mesquita), o mais velho e motivo de orgulho para os pais; Alfredo (Pedro Sol\/ Nicolas Prattes), rebelde que vive se metendo em confus\u00f5es e tem ci\u00fames do irm\u00e3o; Isabel (Maju Lima\/ Giullia Buscacio), determinada e independente, \u00e9 a favorita do pai &#8211; por ser a \u00fanica filha mulher; e Julinho (Davi de Oliveira\/ Andr\u00e9 Luiz Frambach), o ca\u00e7ula da fam\u00edlia &#8211; que desde crian\u00e7a demonstra habilidade para lidar com dinheiro.<\/p>\n<p>A hist\u00f3ria come\u00e7a com Lola e J\u00falio passando sufoco para poder pagar as parcelas do casar\u00e3o que compraram em S\u00e3o Paulo. O primeiro bem do casal sai mais caro do que eles previam por causa dos alt\u00edssimos juros do financiamento banc\u00e1rio. O im\u00f3vel acaba gerando um impasse entre eles: para ela, o local \u00e9 a alma da fam\u00edlia. Para ele, um empecilho para melhorar de vida.<\/p>\n","protected":false},"excerpt":{"rendered":"<p>Novela \u201c\u00c9ramos Seis\u201d: ap\u00f3s o enterro do marido, Lola (Gloria Pires) questiona Almeida (Ricardo Pereira), descobre que J\u00falio (Antonio Calloni) era amante de Marion (Ellen Rocche) e que Alfredo (Nicolas Prattes) est\u00e1 apaixonado pela dan\u00e7arina. Lola visita Marion no cabar\u00e9 e pede para ela se afastar do filho. Logo depois, Marion aparece com suas malas [&hellip;]<\/p>\n","protected":false},"author":2,"featured_media":182542,"comment_status":"open","ping_status":"closed","sticky":false,"template":"","format":"standard","meta":{"_genesis_hide_title":false,"_genesis_hide_breadcrumbs":false,"_genesis_hide_singular_image":false,"_genesis_hide_footer_widgets":false,"_genesis_custom_body_class":"","_genesis_custom_post_class":"","_genesis_layout":"","_jetpack_memberships_contains_paid_content":false,"footnotes":""},"categories":[548,379,375,343],"tags":[440],"class_list":{"0":"post-185399","1":"post","2":"type-post","3":"status-publish","4":"format-standard","5":"has-post-thumbnail","7":"category-eramos-seis","8":"category-novelas","9":"category-rede-globo","10":"category-televisao","11":"tag-noticia-novela","12":"entry","13":"gs-1","14":"gs-odd","15":"gs-even","16":"gs-featured-content-entry"},"jetpack_featured_media_url":"https:\/\/www.redenoticia.com.br\/noticia\/imagens\/eramos-seis-resumo-noticia-novela-02.jpg","jetpack_sharing_enabled":true,"jetpack_likes_enabled":true,"_links":{"self":[{"href":"https:\/\/www.redenoticia.com.br\/noticia\/wp-json\/wp\/v2\/posts\/185399","targetHints":{"allow":["GET"]}}],"collection":[{"href":"https:\/\/www.redenoticia.com.br\/noticia\/wp-json\/wp\/v2\/posts"}],"about":[{"href":"https:\/\/www.redenoticia.com.br\/noticia\/wp-json\/wp\/v2\/types\/post"}],"author":[{"embeddable":true,"href":"https:\/\/www.redenoticia.com.br\/noticia\/wp-json\/wp\/v2\/users\/2"}],"replies":[{"embeddable":true,"href":"https:\/\/www.redenoticia.com.br\/noticia\/wp-json\/wp\/v2\/comments?post=185399"}],"version-history":[{"count":0,"href":"https:\/\/www.redenoticia.com.br\/noticia\/wp-json\/wp\/v2\/posts\/185399\/revisions"}],"wp:featuredmedia":[{"embeddable":true,"href":"https:\/\/www.redenoticia.com.br\/noticia\/wp-json\/wp\/v2\/media\/182542"}],"wp:attachment":[{"href":"https:\/\/www.redenoticia.com.br\/noticia\/wp-json\/wp\/v2\/media?parent=185399"}],"wp:term":[{"taxonomy":"category","embeddable":true,"href":"https:\/\/www.redenoticia.com.br\/noticia\/wp-json\/wp\/v2\/categories?post=185399"},{"taxonomy":"post_tag","embeddable":true,"href":"https:\/\/www.redenoticia.com.br\/noticia\/wp-json\/wp\/v2\/tags?post=185399"}],"curies":[{"name":"wp","href":"https:\/\/api.w.org\/{rel}","templated":true}]}}