{"id":185255,"date":"2019-11-27T12:20:52","date_gmt":"2019-11-27T15:20:52","guid":{"rendered":"https:\/\/www.redenoticia.com.br\/noticia\/?p=185255"},"modified":"2019-11-27T19:15:00","modified_gmt":"2019-11-27T22:15:00","slug":"resumo-novela-as-aventuras-de-poliana-28-11-joao-ve-seu-pai-a-caminhar-pela-rua","status":"publish","type":"post","link":"https:\/\/www.redenoticia.com.br\/noticia\/2019\/resumo-novela-as-aventuras-de-poliana-28-11-joao-ve-seu-pai-a-caminhar-pela-rua\/185255","title":{"rendered":"Resumo novela \u201cAs Aventuras de Poliana\u201d 28\/11: Jo\u00e3o v\u00ea seu pai a caminhar pela rua"},"content":{"rendered":"<p><img loading=\"lazy\" decoding=\"async\" class=\"aligncenter size-large wp-image-148662\" src=\"https:\/\/www.redenoticia.com.br\/noticia\/imagens\/as-aventuras-de-poliana-novela-400x267.jpg\" alt=\"\" width=\"400\" height=\"267\" srcset=\"https:\/\/www.redenoticia.com.br\/noticia\/imagens\/as-aventuras-de-poliana-novela-400x267.jpg 400w, https:\/\/www.redenoticia.com.br\/noticia\/imagens\/as-aventuras-de-poliana-novela-250x167.jpg 250w, https:\/\/www.redenoticia.com.br\/noticia\/imagens\/as-aventuras-de-poliana-novela-150x100.jpg 150w, https:\/\/www.redenoticia.com.br\/noticia\/imagens\/as-aventuras-de-poliana-novela.jpg 600w\" sizes=\"auto, (max-width: 400px) 100vw, 400px\" \/><\/p>\n<p><strong><em>Resumo novela \u201cAs Aventuras de Poliana\u201d 28\/11<\/em><\/strong>: no cap\u00edtulo 402(*) da novela, quinta-feira, 28 de novembro, Luisa leva Ester at\u00e9 a escola e Marcelo estranha o comportamento da menina. Vini oferece aulas de inform\u00e1tica a dona Branca. Na escola, Ester resolve o desafio matem\u00e1tico que a professora havia escrito na lousa. Yasmin, Gael e Benicio tentam afastar outra cliente interessada em alugar sua casa. Jo\u00e3o v\u00ea seu pai caminhando pela rua e assustado, se esconde. M\u00e1rio e Lorena decidem esconder Ester na casa de m\u00e1quinas da escola, enquanto Luisa e Marcelo procuram a menina.<\/p>\n<p>Fernanda continua a procurar apartamentos para loca\u00e7\u00e3o. Os amigos de Brenda aparecem na padaria e Jeff se recusa a atend\u00ea-los. Afonso convida Vini a trabalhar com ele no a\u00e7ougue. Luisa avisa Pendleton sobre o sumi\u00e7o de Ester, e ele a localiza pelo GPS. Roger mima Filipa e Guilherme desaprova a atitude do pai. Os amigos de Brenda falam para Jeff que a menina ir\u00e1 deixa-lo.<\/p>\n<p>(*) edi\u00e7\u00e3o do SBT, Novela \u201cAs Aventuras de Poliana\u201d, sujeito a altera\u00e7\u00e3o de data e conte\u00fado.<\/p>\n<p>\u201cAs Aventuras de Poliana\u201d &#8211; Poliana \u00e9 uma menina extrovertida e de bom cora\u00e7\u00e3o que viajava o Brasil com seus pais, Lorenzo e Alice, no grupo circense Trupe Vagalume. Aos onze anos a garota v\u00ea seu mundo desabar quando seus pais falecem e ela tem que ir morar em S\u00e3o Paulo com sua tia Lu\u00edsa, uma mulher rica e severa, a qual ela n\u00e3o conhecia e que n\u00e3o queria cuidar dela, embora sinta que \u00e9 sua obriga\u00e7\u00e3o pela alma de sua irm\u00e3. <\/p>\n<p>Apesar do jeito da rigidez da tia, Poliana decide ter uma vis\u00e3o positiva e inabal\u00e1vel da vida, mesmo nos momentos de dificuldade, tentando levar um pouco de felicidade para a vida de cada um dos seus novos amigos e vizinhos, como o Sr. Pendleton, um homem rico e infeliz por nunca ter tido filhos. Ela vai estudar no col\u00e9gio de Ruth, uma diretora de bom cora\u00e7\u00e3o que a ajuda a se adaptar, mas tem que lidar com as vilanias de Mirela, garota mais velha que n\u00e3o aceita perder a popularidade para uma novata.<\/p>\n","protected":false},"excerpt":{"rendered":"<p>Resumo novela \u201cAs Aventuras de Poliana\u201d 28\/11: no cap\u00edtulo 402(*) da novela, quinta-feira, 28 de novembro, Luisa leva Ester at\u00e9 a escola e Marcelo estranha o comportamento da menina. Vini oferece aulas de inform\u00e1tica a dona Branca. Na escola, Ester resolve o desafio matem\u00e1tico que a professora havia escrito na lousa. Yasmin, Gael e Benicio [&hellip;]<\/p>\n","protected":false},"author":4,"featured_media":148663,"comment_status":"open","ping_status":"closed","sticky":false,"template":"","format":"standard","meta":{"_genesis_hide_title":false,"_genesis_hide_breadcrumbs":false,"_genesis_hide_singular_image":false,"_genesis_hide_footer_widgets":false,"_genesis_custom_body_class":"","_genesis_custom_post_class":"","_genesis_layout":"","_jetpack_memberships_contains_paid_content":false,"footnotes":""},"categories":[477,379,372,343],"tags":[441],"class_list":{"0":"post-185255","1":"post","2":"type-post","3":"status-publish","4":"format-standard","5":"has-post-thumbnail","7":"category-as-aventuras-de-poliana","8":"category-novelas","9":"category-sbt","10":"category-televisao","11":"tag-resumo-do-dia","12":"entry","13":"gs-1","14":"gs-odd","15":"gs-even","16":"gs-featured-content-entry"},"jetpack_featured_media_url":"https:\/\/www.redenoticia.com.br\/noticia\/imagens\/as-aventuras-de-poliana-sbt.jpg","jetpack_sharing_enabled":true,"jetpack_likes_enabled":true,"_links":{"self":[{"href":"https:\/\/www.redenoticia.com.br\/noticia\/wp-json\/wp\/v2\/posts\/185255","targetHints":{"allow":["GET"]}}],"collection":[{"href":"https:\/\/www.redenoticia.com.br\/noticia\/wp-json\/wp\/v2\/posts"}],"about":[{"href":"https:\/\/www.redenoticia.com.br\/noticia\/wp-json\/wp\/v2\/types\/post"}],"author":[{"embeddable":true,"href":"https:\/\/www.redenoticia.com.br\/noticia\/wp-json\/wp\/v2\/users\/4"}],"replies":[{"embeddable":true,"href":"https:\/\/www.redenoticia.com.br\/noticia\/wp-json\/wp\/v2\/comments?post=185255"}],"version-history":[{"count":0,"href":"https:\/\/www.redenoticia.com.br\/noticia\/wp-json\/wp\/v2\/posts\/185255\/revisions"}],"wp:featuredmedia":[{"embeddable":true,"href":"https:\/\/www.redenoticia.com.br\/noticia\/wp-json\/wp\/v2\/media\/148663"}],"wp:attachment":[{"href":"https:\/\/www.redenoticia.com.br\/noticia\/wp-json\/wp\/v2\/media?parent=185255"}],"wp:term":[{"taxonomy":"category","embeddable":true,"href":"https:\/\/www.redenoticia.com.br\/noticia\/wp-json\/wp\/v2\/categories?post=185255"},{"taxonomy":"post_tag","embeddable":true,"href":"https:\/\/www.redenoticia.com.br\/noticia\/wp-json\/wp\/v2\/tags?post=185255"}],"curies":[{"name":"wp","href":"https:\/\/api.w.org\/{rel}","templated":true}]}}