{"id":184969,"date":"2019-11-21T12:13:48","date_gmt":"2019-11-21T15:13:48","guid":{"rendered":"https:\/\/www.redenoticia.com.br\/noticia\/?p=184969"},"modified":"2019-11-21T12:13:48","modified_gmt":"2019-11-21T15:13:48","slug":"resumo-novela-as-aventuras-de-poliana-22-11-joao-descobre-que-filipa-esta-interessada-nele","status":"publish","type":"post","link":"https:\/\/www.redenoticia.com.br\/noticia\/2019\/resumo-novela-as-aventuras-de-poliana-22-11-joao-descobre-que-filipa-esta-interessada-nele\/184969","title":{"rendered":"Resumo novela \u201cAs Aventuras de Poliana\u201d 22\/11: Jo\u00e3o descobre que Filipa est\u00e1 interessada nele"},"content":{"rendered":"<p><img loading=\"lazy\" decoding=\"async\" class=\"aligncenter size-large wp-image-148662\" src=\"https:\/\/www.redenoticia.com.br\/noticia\/imagens\/as-aventuras-de-poliana-novela-400x267.jpg\" alt=\"\" width=\"400\" height=\"267\" srcset=\"https:\/\/www.redenoticia.com.br\/noticia\/imagens\/as-aventuras-de-poliana-novela-400x267.jpg 400w, https:\/\/www.redenoticia.com.br\/noticia\/imagens\/as-aventuras-de-poliana-novela-250x167.jpg 250w, https:\/\/www.redenoticia.com.br\/noticia\/imagens\/as-aventuras-de-poliana-novela-150x100.jpg 150w, https:\/\/www.redenoticia.com.br\/noticia\/imagens\/as-aventuras-de-poliana-novela.jpg 600w\" sizes=\"auto, (max-width: 400px) 100vw, 400px\" \/><\/p>\n<p><strong><em>Resumo novela \u201cAs Aventuras de Poliana\u201d 22\/11<\/em><\/strong>: no cap\u00edtulo 398(*) da novela, sexta-feira, 22 de novembro, com a assinatura que falsificou da m\u00e3e, Roger consegue afastar Pendleton da O11O e anuncia a todos que ir\u00e1 assumir o controle da empresa. Ap\u00f3s a falha em sua perna mec\u00e2nica, Bento volta a usar as muletas. Ant\u00f4nio conta a Gl\u00f3ria que desconfia de que Roger tenha visitado a casa na sua aus\u00eancia. Para conter as finan\u00e7as da padaria Durval anuncia que ser\u00e1 obrigado a demitir Vini ou Jeff, e pede para que eles decidam quem ir\u00e1 sair.<\/p>\n<p>Ap\u00f3s descobrir que Luisa esta na casa de Pendleton, Marcelo tem uma s\u00e9ria conversa com a namorada. Para se vingar de Filipa , Guilherme conta a Jo\u00e3o que a irm\u00e3 esta interessada nele. Yasmin, Gael e Ben\u00edcio bagun\u00e7am toda casa antes da chegada dos interessados em aluga-la. Gl\u00f3ria descobre que Otto foi retirado da presid\u00eancia da O11O e questiona Roger. Roger diz que Gl\u00f3ria passou suas a\u00e7\u00f5es para o filho , mas n\u00e3o consegue se lembrar devido ao seu problema de mem\u00f3ria.<\/p>\n<p>(*) edi\u00e7\u00e3o do SBT, Novela \u201cAs Aventuras de Poliana\u201d, sujeito a altera\u00e7\u00e3o de data e conte\u00fado.<\/p>\n<p>\u201cAs Aventuras de Poliana\u201d &#8211; Poliana \u00e9 uma menina extrovertida e de bom cora\u00e7\u00e3o que viajava o Brasil com seus pais, Lorenzo e Alice, no grupo circense Trupe Vagalume. Aos onze anos a garota v\u00ea seu mundo desabar quando seus pais falecem e ela tem que ir morar em S\u00e3o Paulo com sua tia Lu\u00edsa, uma mulher rica e severa, a qual ela n\u00e3o conhecia e que n\u00e3o queria cuidar dela, embora sinta que \u00e9 sua obriga\u00e7\u00e3o pela alma de sua irm\u00e3. <\/p>\n<p>Apesar do jeito da rigidez da tia, Poliana decide ter uma vis\u00e3o positiva e inabal\u00e1vel da vida, mesmo nos momentos de dificuldade, tentando levar um pouco de felicidade para a vida de cada um dos seus novos amigos e vizinhos, como o Sr. Pendleton, um homem rico e infeliz por nunca ter tido filhos. Ela vai estudar no col\u00e9gio de Ruth, uma diretora de bom cora\u00e7\u00e3o que a ajuda a se adaptar, mas tem que lidar com as vilanias de Mirela, garota mais velha que n\u00e3o aceita perder a popularidade para uma novata.<\/p>\n","protected":false},"excerpt":{"rendered":"<p>Resumo novela \u201cAs Aventuras de Poliana\u201d 22\/11: no cap\u00edtulo 398(*) da novela, sexta-feira, 22 de novembro, com a assinatura que falsificou da m\u00e3e, Roger consegue afastar Pendleton da O11O e anuncia a todos que ir\u00e1 assumir o controle da empresa. Ap\u00f3s a falha em sua perna mec\u00e2nica, Bento volta a usar as muletas. Ant\u00f4nio conta [&hellip;]<\/p>\n","protected":false},"author":4,"featured_media":148663,"comment_status":"open","ping_status":"closed","sticky":false,"template":"","format":"standard","meta":{"_genesis_hide_title":false,"_genesis_hide_breadcrumbs":false,"_genesis_hide_singular_image":false,"_genesis_hide_footer_widgets":false,"_genesis_custom_body_class":"","_genesis_custom_post_class":"","_genesis_layout":"","_jetpack_memberships_contains_paid_content":false,"footnotes":""},"categories":[477,379,372,343],"tags":[441],"class_list":{"0":"post-184969","1":"post","2":"type-post","3":"status-publish","4":"format-standard","5":"has-post-thumbnail","7":"category-as-aventuras-de-poliana","8":"category-novelas","9":"category-sbt","10":"category-televisao","11":"tag-resumo-do-dia","12":"entry","13":"gs-1","14":"gs-odd","15":"gs-even","16":"gs-featured-content-entry"},"jetpack_featured_media_url":"https:\/\/www.redenoticia.com.br\/noticia\/imagens\/as-aventuras-de-poliana-sbt.jpg","jetpack_sharing_enabled":true,"jetpack_likes_enabled":true,"_links":{"self":[{"href":"https:\/\/www.redenoticia.com.br\/noticia\/wp-json\/wp\/v2\/posts\/184969","targetHints":{"allow":["GET"]}}],"collection":[{"href":"https:\/\/www.redenoticia.com.br\/noticia\/wp-json\/wp\/v2\/posts"}],"about":[{"href":"https:\/\/www.redenoticia.com.br\/noticia\/wp-json\/wp\/v2\/types\/post"}],"author":[{"embeddable":true,"href":"https:\/\/www.redenoticia.com.br\/noticia\/wp-json\/wp\/v2\/users\/4"}],"replies":[{"embeddable":true,"href":"https:\/\/www.redenoticia.com.br\/noticia\/wp-json\/wp\/v2\/comments?post=184969"}],"version-history":[{"count":0,"href":"https:\/\/www.redenoticia.com.br\/noticia\/wp-json\/wp\/v2\/posts\/184969\/revisions"}],"wp:featuredmedia":[{"embeddable":true,"href":"https:\/\/www.redenoticia.com.br\/noticia\/wp-json\/wp\/v2\/media\/148663"}],"wp:attachment":[{"href":"https:\/\/www.redenoticia.com.br\/noticia\/wp-json\/wp\/v2\/media?parent=184969"}],"wp:term":[{"taxonomy":"category","embeddable":true,"href":"https:\/\/www.redenoticia.com.br\/noticia\/wp-json\/wp\/v2\/categories?post=184969"},{"taxonomy":"post_tag","embeddable":true,"href":"https:\/\/www.redenoticia.com.br\/noticia\/wp-json\/wp\/v2\/tags?post=184969"}],"curies":[{"name":"wp","href":"https:\/\/api.w.org\/{rel}","templated":true}]}}