{"id":18492,"date":"2009-11-25T23:11:56","date_gmt":"2009-11-26T03:11:56","guid":{"rendered":"http:\/\/www.redenoticia.com.br\/noticia\/?p=18492"},"modified":"2009-11-26T09:38:06","modified_gmt":"2009-11-26T13:38:06","slug":"idolos-2009-dani-morais-foi-eliminada-nesta-quarta-feira-2511-e-rede-record-novamente-irrita-espectadores","status":"publish","type":"post","link":"https:\/\/www.redenoticia.com.br\/noticia\/2009\/idolos-2009-dani-morais-foi-eliminada-nesta-quarta-feira-2511-e-rede-record-novamente-irrita-espectadores\/18492","title":{"rendered":"Idolos 2009: Dani Morais foi eliminada nesta quarta (25\/11) e Rede Record novamente irrita espectadores"},"content":{"rendered":"<p><img loading=\"lazy\" decoding=\"async\" class=\"alignleft size-full wp-image-17802\" title=\"rede record idolos 2009\" src=\"https:\/\/www.redenoticia.com.br\/noticia\/imagens\/rede-record-idolos-2009.jpg\" alt=\"rede record idolos 2009\" width=\"300\" height=\"193\" srcset=\"https:\/\/www.redenoticia.com.br\/noticia\/imagens\/rede-record-idolos-2009.jpg 300w, https:\/\/www.redenoticia.com.br\/noticia\/imagens\/rede-record-idolos-2009-250x160.jpg 250w, https:\/\/www.redenoticia.com.br\/noticia\/imagens\/rede-record-idolos-2009-150x96.jpg 150w\" sizes=\"auto, (max-width: 300px) 100vw, 300px\" \/>Nesta quarta feira, dia de elimina\u00e7\u00e3o, o programa <strong>\u00cddolos 2009<\/strong> teve o seu in\u00edcio retardado porque a <strong>Rede Record<\/strong> resolveu aguardar o final da transmiss\u00e3o do jogo do Fluminense, para s\u00f3 ent\u00e3o come\u00e7ar o programa com um n\u00famero musical da Banda Fresno.\u00a0 A partir da\u00ed o \u00cddolos 2009 seguiu o seu roteiro tradicional com an\u00e1lises conflitantes dos jurados, muito merchandising e prolongados sil\u00eancios, antes do an\u00fancio do destino de cada participante.<\/p>\n<p>Diego, Helen, Dani, Saulo e Priscila, que n\u00e3o t\u00eam nada a ver com o formato equivocado do programa, continuam dando um show de m\u00fasica e de interpreta\u00e7\u00e3o, mas infelizmente, hoje foi a vez da <strong>Dani Morais<\/strong> deixar o programa, depois de ser levada, juntamente com a Helen e a Priscila, para o pared\u00e3o.<\/p>\n<p>Na apresenta\u00e7\u00e3o de ter\u00e7a feira Dani cantou a m\u00fasica Rosas e o sucesso de Marina, Fulgas. Foi muito elogiada pelos jurados mas, como adivinho, Marco Camargo disse que Dani n\u00e3o faz o g\u00eanero \u201cpov\u00e3o\u201d, que pode ter sido um dos motivos para a sua baixa vota\u00e7\u00e3o.<\/p>\n","protected":false},"excerpt":{"rendered":"<p>Nesta quarta feira, dia de elimina\u00e7\u00e3o, o programa \u00cddolos 2009 teve o seu in\u00edcio retardado porque a Rede Record resolveu aguardar o final da transmiss\u00e3o do jogo do Fluminense, para s\u00f3 ent\u00e3o come\u00e7ar o programa com um n\u00famero musical da Banda Fresno.\u00a0 A partir da\u00ed o \u00cddolos 2009 seguiu o seu roteiro tradicional com an\u00e1lises [&hellip;]<\/p>\n","protected":false},"author":2,"featured_media":0,"comment_status":"open","ping_status":"open","sticky":false,"template":"","format":"standard","meta":{"_genesis_hide_title":false,"_genesis_hide_breadcrumbs":false,"_genesis_hide_singular_image":false,"_genesis_hide_footer_widgets":false,"_genesis_custom_body_class":"","_genesis_custom_post_class":"","_genesis_layout":"","_jetpack_memberships_contains_paid_content":false,"footnotes":""},"categories":[371,343],"tags":[],"class_list":{"0":"post-18492","1":"post","2":"type-post","3":"status-publish","4":"format-standard","6":"category-rede-record","7":"category-televisao","8":"entry","9":"has-post-thumbnail","10":"gs-1","11":"gs-odd","12":"gs-even","13":"gs-featured-content-entry"},"jetpack_featured_media_url":"","jetpack_sharing_enabled":true,"jetpack_likes_enabled":true,"_links":{"self":[{"href":"https:\/\/www.redenoticia.com.br\/noticia\/wp-json\/wp\/v2\/posts\/18492","targetHints":{"allow":["GET"]}}],"collection":[{"href":"https:\/\/www.redenoticia.com.br\/noticia\/wp-json\/wp\/v2\/posts"}],"about":[{"href":"https:\/\/www.redenoticia.com.br\/noticia\/wp-json\/wp\/v2\/types\/post"}],"author":[{"embeddable":true,"href":"https:\/\/www.redenoticia.com.br\/noticia\/wp-json\/wp\/v2\/users\/2"}],"replies":[{"embeddable":true,"href":"https:\/\/www.redenoticia.com.br\/noticia\/wp-json\/wp\/v2\/comments?post=18492"}],"version-history":[{"count":0,"href":"https:\/\/www.redenoticia.com.br\/noticia\/wp-json\/wp\/v2\/posts\/18492\/revisions"}],"wp:attachment":[{"href":"https:\/\/www.redenoticia.com.br\/noticia\/wp-json\/wp\/v2\/media?parent=18492"}],"wp:term":[{"taxonomy":"category","embeddable":true,"href":"https:\/\/www.redenoticia.com.br\/noticia\/wp-json\/wp\/v2\/categories?post=18492"},{"taxonomy":"post_tag","embeddable":true,"href":"https:\/\/www.redenoticia.com.br\/noticia\/wp-json\/wp\/v2\/tags?post=18492"}],"curies":[{"name":"wp","href":"https:\/\/api.w.org\/{rel}","templated":true}]}}