{"id":18486,"date":"2009-11-25T20:34:22","date_gmt":"2009-11-26T00:34:22","guid":{"rendered":"http:\/\/www.redenoticia.com.br\/noticia\/?p=18486"},"modified":"2009-11-25T20:36:34","modified_gmt":"2009-11-26T00:36:34","slug":"igor-xuxa-e-maria-joao-vao-para-a-roca-na-fazenda-2-da-rede-record","status":"publish","type":"post","link":"https:\/\/www.redenoticia.com.br\/noticia\/2009\/igor-xuxa-e-maria-joao-vao-para-a-roca-na-fazenda-2-da-rede-record\/18486","title":{"rendered":"Igor, Xuxa e Maria Jo\u00e3o v\u00e3o para a Ro\u00e7a na Fazenda 2 da Rede Record"},"content":{"rendered":"<figure id=\"attachment_18487\" aria-describedby=\"caption-attachment-18487\" style=\"width: 230px\" class=\"wp-caption alignleft\"><img loading=\"lazy\" decoding=\"async\" class=\"size-full wp-image-18487\" title=\"Mateus Senna Rocha\" src=\"https:\/\/www.redenoticia.com.br\/noticia\/imagens\/Mateus-Senna-Rocha.jpg\" alt=\"Mateus Senna Rocha\" width=\"230\" height=\"230\" srcset=\"https:\/\/www.redenoticia.com.br\/noticia\/imagens\/Mateus-Senna-Rocha.jpg 230w, https:\/\/www.redenoticia.com.br\/noticia\/imagens\/Mateus-Senna-Rocha-187x187.jpg 187w, https:\/\/www.redenoticia.com.br\/noticia\/imagens\/Mateus-Senna-Rocha-150x150.jpg 150w, https:\/\/www.redenoticia.com.br\/noticia\/imagens\/Mateus-Senna-Rocha-112x112.jpg 112w\" sizes=\"auto, (max-width: 230px) 100vw, 230px\" \/><figcaption id=\"caption-attachment-18487\" class=\"wp-caption-text\">Mateus o fazendeiro da semana<\/figcaption><\/figure>\n<p>Hoje foi dia de escolha dos fazendeiros que v\u00e3o para a Ro\u00e7a na Fazenda 2 da Record. Maria Jo\u00e3o j\u00e1 estava escolhida porque perdeu a prova de ontem e tentou explicar que perdeu a concentra\u00e7\u00e3o na prova porque foi picada por uma aranha. O clima amanheceu um pouco tenso. Formaram-se rodinhas de pequenos grupos para discutir o ambiente e, quem sabe, convencer o colega a n\u00e3o lhe dar o voto. Xuxa conversou um bocado de tempo com a Sheila Mello, isto depois da massagem no p\u00e9 ontem, fofocando sobre os outros. Leozinho fez pizza para todos \u2013 parece que ficou gostosa \u2013 mas deixou o Britto intrigado porque n\u00e3o usou o forno a lenha. Mateus passou protetor solar no Xuxa \u2013 e depois votou nele.<\/p>\n<p>Enfim, foi conchavo o dia inteiro para tentar salvar a pele na vota\u00e7\u00e3o.<\/p>\n<p>No final, com desculpas das mais diversas a Ro\u00e7a ficou assim:<\/p>\n<p>&#8211; Maria Jo\u00e3o escolheu o Igor como companheiro de Ro\u00e7a e justificou dizendo que acredita que o povo, entre os dois vai escolher ele, o Igor. Como a maioria dos participantes tamb\u00e9m o escolheu (total de 5 votos) alegando que ele mostrou um certo desequil\u00edbrio, o Igor foi o eleito.<\/p>\n<p>&#8211; Para surpresa de todos, o Fazendeiro da semana, Mateus, escolheu o Xuxa para fazer companhia para o casal.<\/p>\n<p>Agora vamos ver como ficar\u00e1 o clima at\u00e9 o domingo.<\/p>\n","protected":false},"excerpt":{"rendered":"<p>Hoje foi dia de escolha dos fazendeiros que v\u00e3o para a Ro\u00e7a na Fazenda 2 da Record. Maria Jo\u00e3o j\u00e1 estava escolhida porque perdeu a prova de ontem e tentou explicar que perdeu a concentra\u00e7\u00e3o na prova porque foi picada por uma aranha. O clima amanheceu um pouco tenso. Formaram-se rodinhas de pequenos grupos para [&hellip;]<\/p>\n","protected":false},"author":2,"featured_media":0,"comment_status":"open","ping_status":"open","sticky":false,"template":"","format":"standard","meta":{"_genesis_hide_title":false,"_genesis_hide_breadcrumbs":false,"_genesis_hide_singular_image":false,"_genesis_hide_footer_widgets":false,"_genesis_custom_body_class":"","_genesis_custom_post_class":"","_genesis_layout":"","_jetpack_memberships_contains_paid_content":false,"footnotes":""},"categories":[371,343],"tags":[],"class_list":{"0":"post-18486","1":"post","2":"type-post","3":"status-publish","4":"format-standard","6":"category-rede-record","7":"category-televisao","8":"entry","9":"has-post-thumbnail","10":"gs-1","11":"gs-odd","12":"gs-even","13":"gs-featured-content-entry"},"jetpack_featured_media_url":"","jetpack_sharing_enabled":true,"jetpack_likes_enabled":true,"_links":{"self":[{"href":"https:\/\/www.redenoticia.com.br\/noticia\/wp-json\/wp\/v2\/posts\/18486","targetHints":{"allow":["GET"]}}],"collection":[{"href":"https:\/\/www.redenoticia.com.br\/noticia\/wp-json\/wp\/v2\/posts"}],"about":[{"href":"https:\/\/www.redenoticia.com.br\/noticia\/wp-json\/wp\/v2\/types\/post"}],"author":[{"embeddable":true,"href":"https:\/\/www.redenoticia.com.br\/noticia\/wp-json\/wp\/v2\/users\/2"}],"replies":[{"embeddable":true,"href":"https:\/\/www.redenoticia.com.br\/noticia\/wp-json\/wp\/v2\/comments?post=18486"}],"version-history":[{"count":0,"href":"https:\/\/www.redenoticia.com.br\/noticia\/wp-json\/wp\/v2\/posts\/18486\/revisions"}],"wp:attachment":[{"href":"https:\/\/www.redenoticia.com.br\/noticia\/wp-json\/wp\/v2\/media?parent=18486"}],"wp:term":[{"taxonomy":"category","embeddable":true,"href":"https:\/\/www.redenoticia.com.br\/noticia\/wp-json\/wp\/v2\/categories?post=18486"},{"taxonomy":"post_tag","embeddable":true,"href":"https:\/\/www.redenoticia.com.br\/noticia\/wp-json\/wp\/v2\/tags?post=18486"}],"curies":[{"name":"wp","href":"https:\/\/api.w.org\/{rel}","templated":true}]}}