{"id":184515,"date":"2019-11-14T23:39:21","date_gmt":"2019-11-15T02:39:21","guid":{"rendered":"https:\/\/www.redenoticia.com.br\/noticia\/?p=184515"},"modified":"2019-11-14T23:45:01","modified_gmt":"2019-11-15T02:45:01","slug":"a-fazenda-11-2019-votacao-em-guilherme-e-lucas-movimenta-a-enquete-da-roca","status":"publish","type":"post","link":"https:\/\/www.redenoticia.com.br\/noticia\/2019\/a-fazenda-11-2019-votacao-em-guilherme-e-lucas-movimenta-a-enquete-da-roca\/184515","title":{"rendered":"&#8220;A Fazenda&#8221; 11 (2019): vota\u00e7\u00e3o em Guilherme e Lucas movimentou a enquete da ro\u00e7a"},"content":{"rendered":"<p><img loading=\"lazy\" decoding=\"async\" class=\"aligncenter size-large wp-image-182421\" src=\"https:\/\/www.redenoticia.com.br\/noticia\/imagens\/a-fazenda-enquete-resultado-316x300.jpg\" alt=\"\" width=\"316\" height=\"300\" srcset=\"https:\/\/www.redenoticia.com.br\/noticia\/imagens\/a-fazenda-enquete-resultado-316x300.jpg 316w, https:\/\/www.redenoticia.com.br\/noticia\/imagens\/a-fazenda-enquete-resultado-197x187.jpg 197w, https:\/\/www.redenoticia.com.br\/noticia\/imagens\/a-fazenda-enquete-resultado.jpg 520w\" sizes=\"auto, (max-width: 316px) 100vw, 316px\" \/> <strong><em>&#8220;A Fazenda&#8221; 11 (2019) enquete<\/em><\/strong> sobre a vota\u00e7\u00e3o em Guilherme e Lucas: Em 14\/11, Lucas recebeu a maioria dos votos do p\u00fablico, 78,65%, e continua no jogo. Guilherme se despediu de &#8220;A Fazenda&#8221; 2019. A forma\u00e7\u00e3o da oitava ro\u00e7a desta edi\u00e7\u00e3o come\u00e7ou em 11\/11, quando o apresentador Marcos Mion chamou os pe\u00f5es para a \u00e1rea de vota\u00e7\u00e3o. Netto abriu o Lampi\u00e3o, ficou com o poder da Chama Vermelha e escolheu a imunidade. Rodrigo ganhou o poder da Chama Verde e foi direto para a Baia. A Fazendeira Sabrina indicou Guilherme para a ro\u00e7a. <\/p>\n<p>Netto e Rodrigo votaram na Hari. Lucas, Thayse e Hari votaram no Diego, que votou na Thayse. Viny e Guilherme votaram na Thayse. No desempate, Sabrina indicou Diego. Ap\u00f3s ir para a ro\u00e7a, Diego indicou Lucas. Diego, Guilherme e Lucas disputaram a prova do Fazendeiro nesta ter\u00e7a (12). Eles jogaram uma vers\u00e3o de batalha naval com obst\u00e1culos. Diego conquistou o chap\u00e9u de Fazendeiro e se livrou da ro\u00e7a. Veja o resultado da vota\u00e7\u00e3o na enquete:<\/p>\n<p><script type=\"text\/javascript\" charset=\"utf-8\" data-cfasync=\"false\" src=\"https:\/\/secure.polldaddy.com\/p\/10456773.js\"><\/script><br \/>\n<noscript><a href=\"https:\/\/poll.fm\/10456773\">Quem deve continuar em &#8220;A Fazenda&#8221;?<\/a><\/noscript> <\/p>\n<p>Resultado parcial 13\/11 19h59<br \/>\nLucas 56,15%; Guilherme 43,85%. Total de Votos 11.097.<br \/>\nResultado parcial 14\/11 20h16<br \/>\nLucas 58,81%; Guilherme 41,19%. Total de Votos 21.889.<br \/>\nO voto v\u00e1lido \u00e9 registrado no portal oficial do programa.<\/p>\n<p>&#8212;<br \/>\nEquipe Sol 2019 &#8211; Aricia Silva (eliminada), Andr\u00e9a N\u00f3brega (eliminada), Guilherme Le\u00e3o (eliminado), Drika Marinho (eliminada), Phellipe Haagensen (substitu\u00eddo por Jorge Souza, eliminado), Viny Vieira, Bif\u00e3o (eliminada) e Netto.<\/p>\n<p>Equipe Lua 2019 &#8211; Thayse Teixeira, Hari Almeida, Sabrina Paiva, Lucas Viana, Tati Dias (eliminada), Rodrigo Phavanello, T\u00falio Maravilha (eliminado) e Diego Grossi.<\/p>\n<p>&#8212;<br \/>\nPe\u00f5es de 2019<\/p>\n<p>01 &#8211; Andr\u00e9a N\u00f3brega, ex-mulher de Carlos Alberto, fez parte de A Pra\u00e7a \u00c9 Nossa (eliminada);<br \/>\n02 &#8211; Aricia Silva, do P\u00e2nico (eliminada);<br \/>\n03 &#8211; Diego Grossi, do BBB;<br \/>\n04 &#8211; Drika Marinho, do Power Couple (eliminada);<br \/>\n05 &#8211; Guilherme Le\u00e3o, modelo, o &#8220;seguran\u00e7a gato do Metr\u00f4&#8221; (eliminado);<br \/>\n06 &#8211; Hari Almeida, do BBB;<br \/>\n07 &#8211; Jhenyfer Dulz, conhecida como Bif\u00e3o, do De F\u00e9rias Com o Ex (eliminada);<br \/>\n08 &#8211; Lucas Viana, do Are You The One? Brasil, reality de forma\u00e7\u00e3o de casais;<br \/>\n09 &#8211; Netto Rodrigues, que usa o nome art\u00edstico de NettoDJ;<br \/>\n10 &#8211; Phellipe Haagensen, ator (expulso);<br \/>\n11 &#8211; Rodrigo Phavanello, ator;<br \/>\n12 &#8211; Sabrina Paiva, Miss S\u00e3o Paulo em 2016;<br \/>\n13 &#8211; Tati Dias, do De F\u00e9rias Com o Ex (eliminada);<br \/>\n14 &#8211; Thayse Teixeira, influenciadora digital, conhecida como a &#8220;Dona do Cariri&#8221;;<br \/>\n15 &#8211; T\u00falio Maravilha, ex-jogador de futebol (eliminado);<br \/>\n16 &#8211; Viny Vieira, o Gluglu do P\u00e2nico;<br \/>\n17 &#8211; Jorge Souza, organizador de eventos (eliminado).<\/p>\n<p>Nesta edi\u00e7\u00e3o, ap\u00f3s cada elimina\u00e7\u00e3o haver\u00e1 uma live transmitida em todas as redes sociais do programa, comandada pelo humorista Lucas Salles, ao lado dos youtubers Tati e Marcelo da WebTVBrasileira.<\/p>\n<p>O reality show tem dire\u00e7\u00e3o do n\u00facleo de realities de Rodrigo Carelli, dire\u00e7\u00e3o geral de Fernando Viudez e produ\u00e7\u00e3o da Teleimage.<\/p>\n<p>&#8220;A Fazenda&#8221; Record<\/p>\n","protected":false},"excerpt":{"rendered":"<p>&#8220;A Fazenda&#8221; 11 (2019) enquete sobre a vota\u00e7\u00e3o em Guilherme e Lucas: Em 14\/11, Lucas recebeu a maioria dos votos do p\u00fablico, 78,65%, e continua no jogo. Guilherme se despediu de &#8220;A Fazenda&#8221; 2019. A forma\u00e7\u00e3o da oitava ro\u00e7a desta edi\u00e7\u00e3o come\u00e7ou em 11\/11, quando o apresentador Marcos Mion chamou os pe\u00f5es para a \u00e1rea [&hellip;]<\/p>\n","protected":false},"author":2,"featured_media":182419,"comment_status":"open","ping_status":"closed","sticky":false,"template":"","format":"standard","meta":{"_genesis_hide_title":false,"_genesis_hide_breadcrumbs":false,"_genesis_hide_singular_image":false,"_genesis_hide_footer_widgets":false,"_genesis_custom_body_class":"","_genesis_custom_post_class":"","_genesis_layout":"","_jetpack_memberships_contains_paid_content":false,"footnotes":""},"categories":[406,388,371,343],"tags":[521],"class_list":{"0":"post-184515","1":"post","2":"type-post","3":"status-publish","4":"format-standard","5":"has-post-thumbnail","7":"category-a-fazenda","8":"category-destaques","9":"category-rede-record","10":"category-televisao","11":"tag-enquete","12":"entry","13":"gs-1","14":"gs-odd","15":"gs-even","16":"gs-featured-content-entry"},"jetpack_featured_media_url":"https:\/\/www.redenoticia.com.br\/noticia\/imagens\/a-fazenda-quem-sai.jpg","jetpack_sharing_enabled":true,"jetpack_likes_enabled":true,"_links":{"self":[{"href":"https:\/\/www.redenoticia.com.br\/noticia\/wp-json\/wp\/v2\/posts\/184515","targetHints":{"allow":["GET"]}}],"collection":[{"href":"https:\/\/www.redenoticia.com.br\/noticia\/wp-json\/wp\/v2\/posts"}],"about":[{"href":"https:\/\/www.redenoticia.com.br\/noticia\/wp-json\/wp\/v2\/types\/post"}],"author":[{"embeddable":true,"href":"https:\/\/www.redenoticia.com.br\/noticia\/wp-json\/wp\/v2\/users\/2"}],"replies":[{"embeddable":true,"href":"https:\/\/www.redenoticia.com.br\/noticia\/wp-json\/wp\/v2\/comments?post=184515"}],"version-history":[{"count":0,"href":"https:\/\/www.redenoticia.com.br\/noticia\/wp-json\/wp\/v2\/posts\/184515\/revisions"}],"wp:featuredmedia":[{"embeddable":true,"href":"https:\/\/www.redenoticia.com.br\/noticia\/wp-json\/wp\/v2\/media\/182419"}],"wp:attachment":[{"href":"https:\/\/www.redenoticia.com.br\/noticia\/wp-json\/wp\/v2\/media?parent=184515"}],"wp:term":[{"taxonomy":"category","embeddable":true,"href":"https:\/\/www.redenoticia.com.br\/noticia\/wp-json\/wp\/v2\/categories?post=184515"},{"taxonomy":"post_tag","embeddable":true,"href":"https:\/\/www.redenoticia.com.br\/noticia\/wp-json\/wp\/v2\/tags?post=184515"}],"curies":[{"name":"wp","href":"https:\/\/api.w.org\/{rel}","templated":true}]}}