{"id":184195,"date":"2019-11-05T14:12:15","date_gmt":"2019-11-05T16:12:15","guid":{"rendered":"https:\/\/www.redenoticia.com.br\/noticia\/?p=184195"},"modified":"2019-11-05T14:12:15","modified_gmt":"2019-11-05T16:12:15","slug":"resumo-novela-as-aventuras-de-poliana-05-11-luisa-tenta-fugir-com-poliana","status":"publish","type":"post","link":"https:\/\/www.redenoticia.com.br\/noticia\/2019\/resumo-novela-as-aventuras-de-poliana-05-11-luisa-tenta-fugir-com-poliana\/184195","title":{"rendered":"Resumo novela \u201cAs Aventuras de Poliana\u201d 05\/11: Luisa tenta fugir com Poliana"},"content":{"rendered":"<p><img loading=\"lazy\" decoding=\"async\" class=\"aligncenter size-large wp-image-148662\" src=\"https:\/\/www.redenoticia.com.br\/noticia\/imagens\/as-aventuras-de-poliana-novela-400x267.jpg\" alt=\"\" width=\"400\" height=\"267\" srcset=\"https:\/\/www.redenoticia.com.br\/noticia\/imagens\/as-aventuras-de-poliana-novela-400x267.jpg 400w, https:\/\/www.redenoticia.com.br\/noticia\/imagens\/as-aventuras-de-poliana-novela-250x167.jpg 250w, https:\/\/www.redenoticia.com.br\/noticia\/imagens\/as-aventuras-de-poliana-novela-150x100.jpg 150w, https:\/\/www.redenoticia.com.br\/noticia\/imagens\/as-aventuras-de-poliana-novela.jpg 600w\" sizes=\"auto, (max-width: 400px) 100vw, 400px\" \/><\/p>\n<p><strong><em>Resumo novela \u201cAs Aventuras de Poliana\u201d 05\/11<\/em><\/strong>: no cap\u00edtulo 385(*) da novela, ter\u00e7a-feira, 05 de novembro, Hel\u00f4 faz um emocionante discurso contra o bullying para os alunos. O segundo teste de DNA de Poliana fica pronto, e Luisa confirma o que mais temia. Ver\u00f4nica pede para Branca voltar ao CLP e Arlete n\u00e3o aprova a ideia. A m\u00e3e de Luigi pede para que o filho passe a se abrir mais com ela e S\u00e9rgio. Vini pede para Mirela se afastar dele, e a menina toma uma atitude inesperada. Ruth fica chateada ao pensar em seu verdadeiro sobrinho.<\/p>\n<p>Luisa vai buscar Poliana mais cedo na escola, Jo\u00e3o fica desconfiado. Guilherme diz que sente falta de Raquel como namorada, mas a menina continua com suas crises de ci\u00fames. Vini diz a Mirela que quer assumir um relacionamento, e a menina diz para irem com calma. D\u00e9bora decide ajudar Kessya nas aulas de dan\u00e7a. Eric inscreve Hugo na audi\u00e7\u00e3o da Companhia de Dan\u00e7a. Luisa tenta fugir com Poliana. S\u00e9rgio briga com Paulo.<\/p>\n<p>(*) edi\u00e7\u00e3o do SBT, Novela \u201cAs Aventuras de Poliana\u201d, sujeito a altera\u00e7\u00e3o de data e conte\u00fado.<\/p>\n<p>\u201cAs Aventuras de Poliana\u201d &#8211; Poliana \u00e9 uma menina extrovertida e de bom cora\u00e7\u00e3o que viajava o Brasil com seus pais, Lorenzo e Alice, no grupo circense Trupe Vagalume. Aos onze anos a garota v\u00ea seu mundo desabar quando seus pais falecem e ela tem que ir morar em S\u00e3o Paulo com sua tia Lu\u00edsa, uma mulher rica e severa, a qual ela n\u00e3o conhecia e que n\u00e3o queria cuidar dela, embora sinta que \u00e9 sua obriga\u00e7\u00e3o pela alma de sua irm\u00e3. <\/p>\n<p>Apesar do jeito da rigidez da tia, Poliana decide ter uma vis\u00e3o positiva e inabal\u00e1vel da vida, mesmo nos momentos de dificuldade, tentando levar um pouco de felicidade para a vida de cada um dos seus novos amigos e vizinhos, como o Sr. Pendleton, um homem rico e infeliz por nunca ter tido filhos. Ela vai estudar no col\u00e9gio de Ruth, uma diretora de bom cora\u00e7\u00e3o que a ajuda a se adaptar, mas tem que lidar com as vilanias de Mirela, garota mais velha que n\u00e3o aceita perder a popularidade para uma novata.<\/p>\n","protected":false},"excerpt":{"rendered":"<p>Resumo novela \u201cAs Aventuras de Poliana\u201d 05\/11: no cap\u00edtulo 385(*) da novela, ter\u00e7a-feira, 05 de novembro, Hel\u00f4 faz um emocionante discurso contra o bullying para os alunos. O segundo teste de DNA de Poliana fica pronto, e Luisa confirma o que mais temia. Ver\u00f4nica pede para Branca voltar ao CLP e Arlete n\u00e3o aprova a [&hellip;]<\/p>\n","protected":false},"author":4,"featured_media":148663,"comment_status":"open","ping_status":"closed","sticky":false,"template":"","format":"standard","meta":{"_genesis_hide_title":false,"_genesis_hide_breadcrumbs":false,"_genesis_hide_singular_image":false,"_genesis_hide_footer_widgets":false,"_genesis_custom_body_class":"","_genesis_custom_post_class":"","_genesis_layout":"","_jetpack_memberships_contains_paid_content":false,"footnotes":""},"categories":[477,379,372,343],"tags":[441],"class_list":{"0":"post-184195","1":"post","2":"type-post","3":"status-publish","4":"format-standard","5":"has-post-thumbnail","7":"category-as-aventuras-de-poliana","8":"category-novelas","9":"category-sbt","10":"category-televisao","11":"tag-resumo-do-dia","12":"entry","13":"gs-1","14":"gs-odd","15":"gs-even","16":"gs-featured-content-entry"},"jetpack_featured_media_url":"https:\/\/www.redenoticia.com.br\/noticia\/imagens\/as-aventuras-de-poliana-sbt.jpg","jetpack_sharing_enabled":true,"jetpack_likes_enabled":true,"_links":{"self":[{"href":"https:\/\/www.redenoticia.com.br\/noticia\/wp-json\/wp\/v2\/posts\/184195","targetHints":{"allow":["GET"]}}],"collection":[{"href":"https:\/\/www.redenoticia.com.br\/noticia\/wp-json\/wp\/v2\/posts"}],"about":[{"href":"https:\/\/www.redenoticia.com.br\/noticia\/wp-json\/wp\/v2\/types\/post"}],"author":[{"embeddable":true,"href":"https:\/\/www.redenoticia.com.br\/noticia\/wp-json\/wp\/v2\/users\/4"}],"replies":[{"embeddable":true,"href":"https:\/\/www.redenoticia.com.br\/noticia\/wp-json\/wp\/v2\/comments?post=184195"}],"version-history":[{"count":0,"href":"https:\/\/www.redenoticia.com.br\/noticia\/wp-json\/wp\/v2\/posts\/184195\/revisions"}],"wp:featuredmedia":[{"embeddable":true,"href":"https:\/\/www.redenoticia.com.br\/noticia\/wp-json\/wp\/v2\/media\/148663"}],"wp:attachment":[{"href":"https:\/\/www.redenoticia.com.br\/noticia\/wp-json\/wp\/v2\/media?parent=184195"}],"wp:term":[{"taxonomy":"category","embeddable":true,"href":"https:\/\/www.redenoticia.com.br\/noticia\/wp-json\/wp\/v2\/categories?post=184195"},{"taxonomy":"post_tag","embeddable":true,"href":"https:\/\/www.redenoticia.com.br\/noticia\/wp-json\/wp\/v2\/tags?post=184195"}],"curies":[{"name":"wp","href":"https:\/\/api.w.org\/{rel}","templated":true}]}}