{"id":184191,"date":"2019-11-05T14:08:39","date_gmt":"2019-11-05T16:08:39","guid":{"rendered":"https:\/\/www.redenoticia.com.br\/noticia\/?p=184191"},"modified":"2019-11-05T14:08:39","modified_gmt":"2019-11-05T16:08:39","slug":"resumo-novela-a-que-nao-podia-amar-05-11-ana-paula-pede-o-divorcio-a-rogerio","status":"publish","type":"post","link":"https:\/\/www.redenoticia.com.br\/noticia\/2019\/resumo-novela-a-que-nao-podia-amar-05-11-ana-paula-pede-o-divorcio-a-rogerio\/184191","title":{"rendered":"Resumo novela \u201cA Que N\u00e3o Podia Amar\u201d 05\/11: Ana Paula pede o div\u00f3rcio a Rog\u00e9rio"},"content":{"rendered":"<p><img loading=\"lazy\" decoding=\"async\" class=\"aligncenter size-large wp-image-173635\" src=\"https:\/\/www.redenoticia.com.br\/noticia\/imagens\/a-que-nao-podia-amar-400x271.jpg\" alt=\"\" width=\"400\" height=\"271\" srcset=\"https:\/\/www.redenoticia.com.br\/noticia\/imagens\/a-que-nao-podia-amar-400x271.jpg 400w, https:\/\/www.redenoticia.com.br\/noticia\/imagens\/a-que-nao-podia-amar-250x169.jpg 250w, https:\/\/www.redenoticia.com.br\/noticia\/imagens\/a-que-nao-podia-amar-560x379.jpg 560w, https:\/\/www.redenoticia.com.br\/noticia\/imagens\/a-que-nao-podia-amar.jpg 620w\" sizes=\"auto, (max-width: 400px) 100vw, 400px\" \/><\/p>\n<p><strong><em>Resumo da novela \u201cA Que N\u00e3o Podia Amar\u201d<\/em><\/strong> em 05\/11: no cap\u00edtulo 152(*) da novela, ter\u00e7a-feira, 05 de novembro, na cadeia, Miguel pede a Rog\u00e9rio que deixe sua irm\u00e3 em paz, pois talvez Ana Paula ainda esteja a tempo de refazer sua vida e ser feliz. Ana Paula informa \u00e0 sua tia que falou com Vanessa e lhe disse que j\u00e1 n\u00e3o vai brigar por sua parte da heran\u00e7a, deixando claro que n\u00e3o quer nada dela nem de Rog\u00e9rio, Rosaura fica hist\u00e9rica e lhe adverte que n\u00e3o vai permitir isso.<\/p>\n<p>Por outro lado, Ornelas diz a Rog\u00e9rio que j\u00e1 fez uma apela\u00e7\u00e3o para que Miguel saia em liberdade, pois possui alguns documentos que demonstram que ele n\u00e3o \u00e9 culpado, este lhe pede que n\u00e3o se preocupe com os gastos, contudo o advogado informa que Gustavo Dur\u00e1n lhe pagar\u00e1 os honor\u00e1rios. Mais tarde, Rog\u00e9rio visita C\u00edntia no hospital, lhe diz que sente muito porque n\u00e3o pode ser feliz com Gustavo, al\u00e9m disso gostaria que passasse mais tempo com seu beb\u00ea. Ana Paula diz a Rog\u00e9rio que a \u00fanica coisa que quer dele \u00e9 o div\u00f3rcio.<\/p>\n<p>(*) edi\u00e7\u00e3o do SBT, Novela \u201cA Que N\u00e3o Podia Amar\u201d, sujeito a altera\u00e7\u00e3o de data e conte\u00fado.<\/p>\n<p>&#8220;A Que N\u00e3o Podia Amar&#8221;- Ana Paula, uma enfermeira humilde que se v\u00ea obrigada a trabalhar na casa de Rog\u00e9rio Montero (Jorge Salinas), um homem amargurado. Rog\u00e9rio sofre por ser parapl\u00e9gico e destrata todas as pessoas. Ana Paula atura tudo calada e o rica\u00e7o se apaixona por ela.<\/p>\n<p>Ana conhece Gustavo Duran (Jos\u00e9 Ron), um engenheiro nobre e trabalhador. Os dois se apaixonam, mas ter\u00e3o de enfrentar Rog\u00e9rio, j\u00e1 que ele tamb\u00e9m gosta da mocinha, formando assim, um tri\u00e2ngulo amoroso com terr\u00edveis consequ\u00eancias.<\/p>\n","protected":false},"excerpt":{"rendered":"<p>Resumo da novela \u201cA Que N\u00e3o Podia Amar\u201d em 05\/11: no cap\u00edtulo 152(*) da novela, ter\u00e7a-feira, 05 de novembro, na cadeia, Miguel pede a Rog\u00e9rio que deixe sua irm\u00e3 em paz, pois talvez Ana Paula ainda esteja a tempo de refazer sua vida e ser feliz. Ana Paula informa \u00e0 sua tia que falou com [&hellip;]<\/p>\n","protected":false},"author":4,"featured_media":173627,"comment_status":"open","ping_status":"closed","sticky":false,"template":"","format":"standard","meta":{"_genesis_hide_title":false,"_genesis_hide_breadcrumbs":false,"_genesis_hide_singular_image":false,"_genesis_hide_footer_widgets":false,"_genesis_custom_body_class":"","_genesis_custom_post_class":"","_genesis_layout":"","_jetpack_memberships_contains_paid_content":false,"footnotes":""},"categories":[379,372,343],"tags":[441],"class_list":{"0":"post-184191","1":"post","2":"type-post","3":"status-publish","4":"format-standard","5":"has-post-thumbnail","7":"category-novelas","8":"category-sbt","9":"category-televisao","10":"tag-resumo-do-dia","11":"entry","12":"gs-1","13":"gs-odd","14":"gs-even","15":"gs-featured-content-entry"},"jetpack_featured_media_url":"https:\/\/www.redenoticia.com.br\/noticia\/imagens\/a-que-nao-podia-amar-sbt-01.jpg","jetpack_sharing_enabled":true,"jetpack_likes_enabled":true,"_links":{"self":[{"href":"https:\/\/www.redenoticia.com.br\/noticia\/wp-json\/wp\/v2\/posts\/184191","targetHints":{"allow":["GET"]}}],"collection":[{"href":"https:\/\/www.redenoticia.com.br\/noticia\/wp-json\/wp\/v2\/posts"}],"about":[{"href":"https:\/\/www.redenoticia.com.br\/noticia\/wp-json\/wp\/v2\/types\/post"}],"author":[{"embeddable":true,"href":"https:\/\/www.redenoticia.com.br\/noticia\/wp-json\/wp\/v2\/users\/4"}],"replies":[{"embeddable":true,"href":"https:\/\/www.redenoticia.com.br\/noticia\/wp-json\/wp\/v2\/comments?post=184191"}],"version-history":[{"count":0,"href":"https:\/\/www.redenoticia.com.br\/noticia\/wp-json\/wp\/v2\/posts\/184191\/revisions"}],"wp:featuredmedia":[{"embeddable":true,"href":"https:\/\/www.redenoticia.com.br\/noticia\/wp-json\/wp\/v2\/media\/173627"}],"wp:attachment":[{"href":"https:\/\/www.redenoticia.com.br\/noticia\/wp-json\/wp\/v2\/media?parent=184191"}],"wp:term":[{"taxonomy":"category","embeddable":true,"href":"https:\/\/www.redenoticia.com.br\/noticia\/wp-json\/wp\/v2\/categories?post=184191"},{"taxonomy":"post_tag","embeddable":true,"href":"https:\/\/www.redenoticia.com.br\/noticia\/wp-json\/wp\/v2\/tags?post=184191"}],"curies":[{"name":"wp","href":"https:\/\/api.w.org\/{rel}","templated":true}]}}