{"id":183938,"date":"2019-10-29T18:11:00","date_gmt":"2019-10-29T21:11:00","guid":{"rendered":"https:\/\/www.redenoticia.com.br\/noticia\/?p=183938"},"modified":"2019-10-29T18:11:00","modified_gmt":"2019-10-29T21:11:00","slug":"resumo-novela-a-dona-do-pedaco-30-10-teo-desperta-e-jo-entra-em-seu-quarto","status":"publish","type":"post","link":"https:\/\/www.redenoticia.com.br\/noticia\/2019\/resumo-novela-a-dona-do-pedaco-30-10-teo-desperta-e-jo-entra-em-seu-quarto\/183938","title":{"rendered":"Resumo novela \u201cA Dona do Peda\u00e7o\u201d 30\/10: T\u00e9o desperta e J\u00f4 entra em seu quarto"},"content":{"rendered":"<p> <img loading=\"lazy\" decoding=\"async\" class=\"aligncenter size-large wp-image-175347\" src=\"https:\/\/www.redenoticia.com.br\/noticia\/imagens\/A-Dona-do-Pedaco-globo-261x300.jpg\" alt=\"\" width=\"261\" height=\"300\" srcset=\"https:\/\/www.redenoticia.com.br\/noticia\/imagens\/A-Dona-do-Pedaco-globo-261x300.jpg 261w, https:\/\/www.redenoticia.com.br\/noticia\/imagens\/A-Dona-do-Pedaco-globo-163x187.jpg 163w, https:\/\/www.redenoticia.com.br\/noticia\/imagens\/A-Dona-do-Pedaco-globo.jpg 600w\" sizes=\"auto, (max-width: 261px) 100vw, 261px\" \/><\/p>\n<p><em><strong>Resumo novela \u201cA Dona do Peda\u00e7o\u201d 30\/10<\/strong><\/em>: no cap\u00edtulo 141(*) da novela, quarta-feira, 30 de outubro, Maria da Paz e Vivi se emocionam com o reencontro. J\u00f4 afirma \u00e0 pol\u00edcia que passou a noite com William e se surpreende ao descobrir que T\u00e9o est\u00e1 vivo. Fabiana se irrita com o pedido de demiss\u00e3o de Beto. Camilo revela a Vivi e Maria da Paz sobre o estado de T\u00e9o. Beatriz oferece sua casa para promover um encontro com a fam\u00edlia de Maria da Paz. Vivi promete cuidar de Berta. Kim esconde M\u00e1rcio em seu arm\u00e1rio e Paix\u00e3o chega.<\/p>\n<p>T\u00e9o \u00e9 operado e J\u00f4 aguarda para falar com o fot\u00f3grafo. Maria da Paz vai ao programa de Ana Maria Braga. Vivi conta a Chiclete sobre sua descoberta. Fabiana \u00e9 fria quando Vivi lhe conta sobre o parentesco com Maria da Paz. Kim garante a Camilo que T\u00e9o \u00e9 apaixonado por J\u00f4. T\u00e9o desperta e J\u00f4 entra em seu quarto.<\/p>\n<p>(*) edi\u00e7\u00e3o da Rede Globo, Novela \u201cA Dona do Peda\u00e7o\u201d, sujeito a altera\u00e7\u00e3o de data e conte\u00fado.<\/p>\n<p>Sinopse \u201cA Dona do Peda\u00e7o\u201d: a novela enaltece a trajet\u00f3ria de Maria da Paz (Juliana Paes), uma jovem humilde, da cidade fict\u00edcia de Rio Vermelho, no Esp\u00edrito Santo. Maria vem de uma fam\u00edlia de justiceiros profissionais, os Ramirez, e se apaixona justamente por Amadeu (Marcos Palmeira), advogado formado em Vit\u00f3ria e membro do cl\u00e3 rival nos neg\u00f3cios, os Matheus. A trama, dividida em um pr\u00f3logo e duas fases, traz uma hist\u00f3ria de amor com elementos \u00e0 Romeu e Julieta, sem perder o humor, que permeia todo o folhetim. <\/p>\n","protected":false},"excerpt":{"rendered":"<p>Resumo novela \u201cA Dona do Peda\u00e7o\u201d 30\/10: no cap\u00edtulo 141(*) da novela, quarta-feira, 30 de outubro, Maria da Paz e Vivi se emocionam com o reencontro. J\u00f4 afirma \u00e0 pol\u00edcia que passou a noite com William e se surpreende ao descobrir que T\u00e9o est\u00e1 vivo. Fabiana se irrita com o pedido de demiss\u00e3o de Beto. [&hellip;]<\/p>\n","protected":false},"author":2,"featured_media":175348,"comment_status":"open","ping_status":"closed","sticky":false,"template":"","format":"standard","meta":{"_genesis_hide_title":false,"_genesis_hide_breadcrumbs":false,"_genesis_hide_singular_image":false,"_genesis_hide_footer_widgets":false,"_genesis_custom_body_class":"","_genesis_custom_post_class":"","_genesis_layout":"","_jetpack_memberships_contains_paid_content":false,"footnotes":""},"categories":[543,379,375,343],"tags":[441],"class_list":{"0":"post-183938","1":"post","2":"type-post","3":"status-publish","4":"format-standard","5":"has-post-thumbnail","7":"category-a-dona-do-pedaco","8":"category-novelas","9":"category-rede-globo","10":"category-televisao","11":"tag-resumo-do-dia","12":"entry","13":"gs-1","14":"gs-odd","15":"gs-even","16":"gs-featured-content-entry"},"jetpack_featured_media_url":"https:\/\/www.redenoticia.com.br\/noticia\/imagens\/A-Dona-do-Pedaco-globo-resumo.jpg","jetpack_sharing_enabled":true,"jetpack_likes_enabled":true,"_links":{"self":[{"href":"https:\/\/www.redenoticia.com.br\/noticia\/wp-json\/wp\/v2\/posts\/183938","targetHints":{"allow":["GET"]}}],"collection":[{"href":"https:\/\/www.redenoticia.com.br\/noticia\/wp-json\/wp\/v2\/posts"}],"about":[{"href":"https:\/\/www.redenoticia.com.br\/noticia\/wp-json\/wp\/v2\/types\/post"}],"author":[{"embeddable":true,"href":"https:\/\/www.redenoticia.com.br\/noticia\/wp-json\/wp\/v2\/users\/2"}],"replies":[{"embeddable":true,"href":"https:\/\/www.redenoticia.com.br\/noticia\/wp-json\/wp\/v2\/comments?post=183938"}],"version-history":[{"count":0,"href":"https:\/\/www.redenoticia.com.br\/noticia\/wp-json\/wp\/v2\/posts\/183938\/revisions"}],"wp:featuredmedia":[{"embeddable":true,"href":"https:\/\/www.redenoticia.com.br\/noticia\/wp-json\/wp\/v2\/media\/175348"}],"wp:attachment":[{"href":"https:\/\/www.redenoticia.com.br\/noticia\/wp-json\/wp\/v2\/media?parent=183938"}],"wp:term":[{"taxonomy":"category","embeddable":true,"href":"https:\/\/www.redenoticia.com.br\/noticia\/wp-json\/wp\/v2\/categories?post=183938"},{"taxonomy":"post_tag","embeddable":true,"href":"https:\/\/www.redenoticia.com.br\/noticia\/wp-json\/wp\/v2\/tags?post=183938"}],"curies":[{"name":"wp","href":"https:\/\/api.w.org\/{rel}","templated":true}]}}